{"id":47563,"date":"2016-08-27T00:26:23","date_gmt":"2016-08-27T03:26:23","guid":{"rendered":"http:\/\/pdt-rj.org.br\/?p=47563"},"modified":"2017-10-26T09:07:45","modified_gmt":"2017-10-26T11:07:45","slug":"propaganda-eleitoral-na-internet-conheca-as-regras","status":"publish","type":"post","link":"https:\/\/pdt-rj.org.br\/index.php\/propaganda-eleitoral-na-internet-conheca-as-regras\/","title":{"rendered":"Propaganda Eleitoral na Internet &#8211; Conhe\u00e7a as regras"},"content":{"rendered":"<div id=\"yiv9558949532yui_3_16_0_ym19_1_1471986219583_9379\"><span id=\"yiv9558949532yui_3_16_0_ym19_1_1471986219583_9380\"><img loading=\"lazy\" decoding=\"async\" class=\"alignnone size-medium wp-image-47835 alignleft\" src=\"http:\/\/pdt-rj.org.br\/wp-content\/uploads\/2016\/08\/imagem_campanha-1-300x195.jpg\" alt=\"imagem_campanha\" width=\"300\" height=\"195\" srcset=\"https:\/\/pdt-rj.org.br\/wp-content\/uploads\/2016\/08\/imagem_campanha-1-300x195.jpg 300w, https:\/\/pdt-rj.org.br\/wp-content\/uploads\/2016\/08\/imagem_campanha-1-100x65.jpg 100w, https:\/\/pdt-rj.org.br\/wp-content\/uploads\/2016\/08\/imagem_campanha-1-138x90.jpg 138w, https:\/\/pdt-rj.org.br\/wp-content\/uploads\/2016\/08\/imagem_campanha-1.jpg 729w\" sizes=\"auto, (max-width: 300px) 100vw, 300px\" \/>As elei\u00e7\u00f5es est\u00e3o chegando. E, em meio ao calor das campanhas, \u00e9 import\u00e2ncia observar as regras das propagandas eleitorais na internet, de acordo com Tribunal Superior Eleitoral (TSE).<\/span><\/div>\n<div id=\"yiv9558949532yui_3_16_0_ym19_1_1471986219583_9379\">\u00a0<\/div>\n<div id=\"yiv9558949532yui_3_16_0_ym19_1_1471986219583_9382\"><span id=\"yiv9558949532yui_3_16_0_ym19_1_1471986219583_9383\">Este ano, todas as formas de campanha est\u00e3o permitidas do dia 16 de agosto at\u00e9 \u00e0s 22h do dia 1\u00ba de outubro, v\u00e9spera da elei\u00e7\u00e3o.<\/span><\/div>\n<div id=\"yiv9558949532yui_3_16_0_ym19_1_1471986219583_9382\">\u00a0<\/div>\n<div id=\"yiv9558949532yui_3_16_0_ym19_1_1471986219583_9385\"><span id=\"yiv9558949532yui_3_16_0_ym19_1_1471986219583_9386\">Dentre as in\u00fameras vantagens de se publicar as caracter\u00edsticas pessoais e as propostas dos candidatos na rede, est\u00e1 a possibilidade de uma grande repercuss\u00e3o, dentro e fora do ambiente virtual.<\/span><\/div>\n<div id=\"yiv9558949532yui_3_16_0_ym19_1_1471986219583_9385\">\u00a0<\/div>\n<div id=\"yiv9558949532yui_3_16_0_ym19_1_1471986219583_9385\">No entanto, a regulamenta\u00e7\u00e3o da propaganda eleitoral na web traz pontos importantes e que devem ser obedecidos pelos candidatos que pretendem usar essa ferramenta como instrumento de campanha, sem o risco de receber multas.<\/div>\n<div id=\"yiv9558949532yui_3_16_0_ym19_1_1471986219583_9388\">\u00a0<\/div>\n<div id=\"yiv9558949532yui_3_16_0_ym19_1_1471986219583_9391\"><strong id=\"yiv9558949532yui_3_16_0_ym19_1_1471986219583_9392\"><span id=\"yiv9558949532yui_3_16_0_ym19_1_1471986219583_9393\">Conhe\u00e7a as regras:<\/span><\/strong><span id=\"yiv9558949532yui_3_16_0_ym19_1_1471986219583_9394\"><\/span><\/div>\n<div>\u00a0<\/div>\n<div id=\"yiv9558949532yui_3_16_0_ym19_1_1471986219583_9396\"><span id=\"yiv9558949532yui_3_16_0_ym19_1_1471986219583_9397\">\u00b7<span id=\"yiv9558949532yui_3_16_0_ym19_1_1471986219583_9398\">\u00a0\u00a0\u00a0\u00a0\u00a0\u00a0\u00a0\u00a0 <\/span><\/span><span id=\"yiv9558949532yui_3_16_0_ym19_1_1471986219583_9399\">Permanece proibida a propaganda eleitoral paga na internet \u00ad\u2013 conforme previsto na Lei das Elei\u00e7\u00f5es (n\u00ba 9.504\/1997). Nas redes sociais, n\u00e3o \u00e9 permitido utilizar p\u00e1ginas patrocinadas com mensagens que contenham conte\u00fado eleitoral.<\/span><\/div>\n<div id=\"yiv9558949532yui_3_16_0_ym19_1_1471986219583_9401\"><span id=\"yiv9558949532yui_3_16_0_ym19_1_1471986219583_9402\">\u00b7<span id=\"yiv9558949532yui_3_16_0_ym19_1_1471986219583_9403\">\u00a0\u00a0\u00a0\u00a0\u00a0\u00a0\u00a0\u00a0 <\/span><\/span><span id=\"yiv9558949532yui_3_16_0_ym19_1_1471986219583_9404\">Tamb\u00e9m \u00e9 proibida a propaganda eleitoral, ainda que gratuita, em sites de pessoas jur\u00eddicas, em sites oficiais ou hospedados por \u00f3rg\u00e3os ou entidades da administra\u00e7\u00e3o p\u00fablica direta ou indireta da Uni\u00e3o, dos estados, do Distrito Federal e dos munic\u00edpios.<\/span><\/div>\n<div id=\"yiv9558949532yui_3_16_0_ym19_1_1471986219583_9406\"><span id=\"yiv9558949532yui_3_16_0_ym19_1_1471986219583_9407\">\u00b7<span id=\"yiv9558949532yui_3_16_0_ym19_1_1471986219583_9408\">\u00a0\u00a0\u00a0\u00a0\u00a0\u00a0\u00a0\u00a0 <\/span><\/span><span id=\"yiv9558949532yui_3_16_0_ym19_1_1471986219583_9409\">\u00c9 proibida a venda de cadastro de endere\u00e7os eletr\u00f4nicos.<\/span><\/div>\n<div id=\"yiv9558949532yui_3_16_0_ym19_1_1471986219583_9411\"><span id=\"yiv9558949532yui_3_16_0_ym19_1_1471986219583_9412\">\u00b7<span id=\"yiv9558949532yui_3_16_0_ym19_1_1471986219583_9413\">\u00a0\u00a0\u00a0\u00a0\u00a0\u00a0\u00a0\u00a0 <\/span><\/span><span id=\"yiv9558949532yui_3_16_0_ym19_1_1471986219583_9414\">\u00c9 proibida a atribui\u00e7\u00e3o indevida de autoria a terceiro, inclusive candidato, partido ou coliga\u00e7\u00e3o.<\/span><\/div>\n<div id=\"yiv9558949532yui_3_16_0_ym19_1_1471986219583_9416\"><span id=\"yiv9558949532yui_3_16_0_ym19_1_1471986219583_9417\">\u00b7<span id=\"yiv9558949532yui_3_16_0_ym19_1_1471986219583_9418\">\u00a0\u00a0\u00a0\u00a0\u00a0\u00a0\u00a0\u00a0 <\/span><\/span><span id=\"yiv9558949532yui_3_16_0_ym19_1_1471986219583_9419\">\u00c9 permitida a propaganda eleitoral na internet em sites do candidato, do partido ou coliga\u00e7\u00e3o. <\/span><\/div>\n<div><span id=\"yiv9558949532yui_3_16_0_ym19_1_1471986219583_9419\">. \u00a0 \u00a0 \u00a0 \u00a0 Tamb\u00e9m est\u00e1 liberada a veicula\u00e7\u00e3o por meio de blogs, redes sociais, sites de mensagens instant\u00e2neas e semelhantes, cujo conte\u00fado seja gerado ou editado por candidatos, partidos, coliga\u00e7\u00f5es ou de iniciativa de qualquer pessoa natural.<\/span><\/div>\n<div id=\"yiv9558949532yui_3_16_0_ym19_1_1471986219583_9416\">\u00a0<\/div>\n<div id=\"yiv9558949532yui_3_16_0_ym19_1_1471986219583_5411\"><span id=\"yiv9558949532yui_3_16_0_ym19_1_1471986219583_9422\">Lembre-se que o descumprimento de qualquer das normas estabelecidas na lei pode levar \u00e0 pena de multa no valor que varia de R$ 5.000 mil a R$ 30.000 mil.<\/span><\/div>\n<!-- AddThis Advanced Settings generic via filter on the_content --><!-- AddThis Share Buttons generic via filter on the_content -->","protected":false},"excerpt":{"rendered":"<p>As elei\u00e7\u00f5es est\u00e3o chegando. E, em meio ao calor das campanhas, \u00e9 import\u00e2ncia observar as regras das propagandas eleitorais na internet, de acordo com Tribunal Superior Eleitoral (TSE). \u00a0 Este ano, todas as formas de campanha est\u00e3o permitidas do dia 16 de agosto at\u00e9 \u00e0s 22h do dia 1\u00ba de outubro, v\u00e9spera da elei\u00e7\u00e3o. \u00a0&#8230;<!-- AddThis Advanced Settings generic via filter on wp_trim_excerpt --><!-- AddThis Share Buttons generic via filter on wp_trim_excerpt --><\/p>\n","protected":false},"author":17,"featured_media":0,"comment_status":"closed","ping_status":"open","sticky":false,"template":"","format":"standard","meta":{"_monsterinsights_skip_tracking":false,"_monsterinsights_sitenote_active":false,"_monsterinsights_sitenote_note":"","_monsterinsights_sitenote_category":0,"_uf_show_specific_survey":0,"_uf_disable_surveys":false,"footnotes":""},"categories":[976],"tags":[1234],"class_list":["post-47563","post","type-post","status-publish","format-standard","hentry","category-noticias-em-destaque","tag-campanha-eleitoral-na-internet"],"acf":[],"_links":{"self":[{"href":"https:\/\/pdt-rj.org.br\/index.php\/wp-json\/wp\/v2\/posts\/47563","targetHints":{"allow":["GET"]}}],"collection":[{"href":"https:\/\/pdt-rj.org.br\/index.php\/wp-json\/wp\/v2\/posts"}],"about":[{"href":"https:\/\/pdt-rj.org.br\/index.php\/wp-json\/wp\/v2\/types\/post"}],"author":[{"embeddable":true,"href":"https:\/\/pdt-rj.org.br\/index.php\/wp-json\/wp\/v2\/users\/17"}],"replies":[{"embeddable":true,"href":"https:\/\/pdt-rj.org.br\/index.php\/wp-json\/wp\/v2\/comments?post=47563"}],"version-history":[{"count":1,"href":"https:\/\/pdt-rj.org.br\/index.php\/wp-json\/wp\/v2\/posts\/47563\/revisions"}],"predecessor-version":[{"id":56212,"href":"https:\/\/pdt-rj.org.br\/index.php\/wp-json\/wp\/v2\/posts\/47563\/revisions\/56212"}],"wp:attachment":[{"href":"https:\/\/pdt-rj.org.br\/index.php\/wp-json\/wp\/v2\/media?parent=47563"}],"wp:term":[{"taxonomy":"category","embeddable":true,"href":"https:\/\/pdt-rj.org.br\/index.php\/wp-json\/wp\/v2\/categories?post=47563"},{"taxonomy":"post_tag","embeddable":true,"href":"https:\/\/pdt-rj.org.br\/index.php\/wp-json\/wp\/v2\/tags?post=47563"}],"curies":[{"name":"wp","href":"https:\/\/api.w.org\/{rel}","templated":true}]}}