{"id":47498,"date":"2016-08-24T19:56:43","date_gmt":"2016-08-24T22:56:43","guid":{"rendered":"http:\/\/pdt-rj.org.br\/?p=47498"},"modified":"2017-10-26T09:07:46","modified_gmt":"2017-10-26T11:07:46","slug":"isabella-de-roldao-debate-em-audiencia-publica-genocidio-da-juventude-negra-no-recife","status":"publish","type":"post","link":"https:\/\/pdt-rj.org.br\/index.php\/isabella-de-roldao-debate-em-audiencia-publica-genocidio-da-juventude-negra-no-recife\/","title":{"rendered":"Isabella de Rold\u00e3o debate, em audi\u00eancia p\u00fablica, genoc\u00eddio da juventude negra no Recife"},"content":{"rendered":"<p><img loading=\"lazy\" decoding=\"async\" class=\"alignnone size-medium wp-image-47500 alignleft\" src=\"http:\/\/pdt-rj.org.br\/wp-content\/uploads\/2016\/08\/Isabella-de-Rold\u00e3o-debate-em-audi\u00eancia-p\u00fablica-genoc\u00eddio-da-juventude-negra-no-Recife-300x195.jpg\" alt=\"Isabella-de-Rold\u00e3o-debate-em-audi\u00eancia-p\u00fablica-genoc\u00eddio-da-juventude-negra-no-Recife\" width=\"300\" height=\"195\" srcset=\"https:\/\/pdt-rj.org.br\/wp-content\/uploads\/2016\/08\/Isabella-de-Rold\u00e3o-debate-em-audi\u00eancia-p\u00fablica-genoc\u00eddio-da-juventude-negra-no-Recife-300x195.jpg 300w, https:\/\/pdt-rj.org.br\/wp-content\/uploads\/2016\/08\/Isabella-de-Rold\u00e3o-debate-em-audi\u00eancia-p\u00fablica-genoc\u00eddio-da-juventude-negra-no-Recife-100x65.jpg 100w, https:\/\/pdt-rj.org.br\/wp-content\/uploads\/2016\/08\/Isabella-de-Rold\u00e3o-debate-em-audi\u00eancia-p\u00fablica-genoc\u00eddio-da-juventude-negra-no-Recife-138x90.jpg 138w, https:\/\/pdt-rj.org.br\/wp-content\/uploads\/2016\/08\/Isabella-de-Rold\u00e3o-debate-em-audi\u00eancia-p\u00fablica-genoc\u00eddio-da-juventude-negra-no-Recife.jpg 702w\" sizes=\"auto, (max-width: 300px) 100vw, 300px\" \/>A morte sistem\u00e1tica de jovens negros, que encontra no Recife um dos pontos principais de ocorr\u00eancia, motivou a vereadora <a href=\"https:\/\/www.facebook.com\/isabelladeroldao12345\/?fref=ts\">Isabella de Rold\u00e3o<\/a> (PDT-PE) a realizar audi\u00eancia p\u00fablica C\u00e2mara Municipal nesta ter\u00e7a-feira (23).<\/p>\n<p>De acordo com a vereadora, a motiva\u00e7\u00e3o para a realiza\u00e7\u00e3o da referida audi\u00eancia veio ap\u00f3s ela ter acompanhado os trabalhos da CPI do Senado sobre o assassinato de jovens e ficou estarrecida com os resultados, inclusive com uma das conclus\u00f5es: a de que os tribunais de justi\u00e7a n\u00e3o t\u00eam registro dos processos de homic\u00eddio destacando a quest\u00e3o racial.<\/p>\n<p>A taxa de homic\u00eddios entre jovens negros, segundo Isabella de Rold\u00e3o, \u00e9 quase quatro vezes maior do que a verificada entre os brancos, o que refor\u00e7a a tese de que est\u00e1 em curso um genoc\u00eddio da popula\u00e7\u00e3o negra. Ela toma como base dados do relat\u00f3rio do Senado que diz que a cada 23 minutos, um jovem negro \u00e9 assassinado no Brasil. Todo ano, 23.100 jovens negros de 15 a 29 anos s\u00e3o mortos.<\/p>\n<p>\u201cOs dados s\u00e3o alarmantes. \u00c9 a realidade de todo o Pa\u00eds, que se repete no Recife. Um tema que precisa de enfrentamento, e se n\u00e3o estivermos juntos essa discuss\u00e3o vai continuar na invisibilidade\u201d, alertou. \u201cPrecisamos desses dados para sabermos que encaminhamento \u00e9 dado para esses casos\u201d, afirmou.<\/p>\n<p>Para debater o tema, a vereadora pedetista convidou a coordenadora do GT Racismo do MPPE, procuradora de Justi\u00e7a Maria Bernadete Azevedo, o coordenador do F\u00f3rum Juventude Negra de Pernambuco, Alesso Teixeira, a conselheira tutelar da RPA 5, Sandra Eunice Barbosa, a professora de sociologia da Universidade Federal de Pernambuco (UFPE), Liana Lewis e o promotor de justi\u00e7a, Maxwell Vignoli.<\/p>\n<p>Os negros e negras assassinados, disse a vereadora, com base no relat\u00f3rio do Senado, s\u00e3o pessoas que t\u00eam baixo n\u00edvel de instru\u00e7\u00e3o, os menores sal\u00e1rios e praticamente nenhum acesso ao mercado de trabalho.<\/p>\n<p>\u201cN\u00f3s estamos falhando no enfrentamento a esse grave problema, que \u00e9 o genoc\u00eddio da juventude negra. O estado vem permitindo que o fundamentalismo, seja ele racial, sexual ou religioso se estabele\u00e7a e se consolide, vitimando a juventude negra. O Estado, que \u00e9 pago para proteger, nada faz e at\u00e9 permite as mortes. Onde vamos parar?\u201d, questionou.<\/p>\n<!-- AddThis Advanced Settings generic via filter on the_content --><!-- AddThis Share Buttons generic via filter on the_content -->","protected":false},"excerpt":{"rendered":"<p>A morte sistem\u00e1tica de jovens negros, que encontra no Recife um dos pontos principais de ocorr\u00eancia, motivou a vereadora Isabella de Rold\u00e3o (PDT-PE) a realizar audi\u00eancia p\u00fablica C\u00e2mara Municipal nesta ter\u00e7a-feira (23). De acordo com a vereadora, a motiva\u00e7\u00e3o para a realiza\u00e7\u00e3o da referida audi\u00eancia veio ap\u00f3s ela ter acompanhado os trabalhos da CPI do&#8230;<!-- AddThis Advanced Settings generic via filter on wp_trim_excerpt --><!-- AddThis Share Buttons generic via filter on wp_trim_excerpt --><\/p>\n","protected":false},"author":17,"featured_media":0,"comment_status":"closed","ping_status":"open","sticky":false,"template":"","format":"standard","meta":{"_monsterinsights_skip_tracking":false,"_monsterinsights_sitenote_active":false,"_monsterinsights_sitenote_note":"","_monsterinsights_sitenote_category":0,"_uf_show_specific_survey":0,"_uf_disable_surveys":false,"footnotes":""},"categories":[976],"tags":[1224,510,38],"class_list":["post-47498","post","type-post","status-publish","format-standard","hentry","category-noticias-em-destaque","tag-genocidio-de-jovens-negros","tag-isabella-de-roldao","tag-pdt"],"acf":[],"_links":{"self":[{"href":"https:\/\/pdt-rj.org.br\/index.php\/wp-json\/wp\/v2\/posts\/47498","targetHints":{"allow":["GET"]}}],"collection":[{"href":"https:\/\/pdt-rj.org.br\/index.php\/wp-json\/wp\/v2\/posts"}],"about":[{"href":"https:\/\/pdt-rj.org.br\/index.php\/wp-json\/wp\/v2\/types\/post"}],"author":[{"embeddable":true,"href":"https:\/\/pdt-rj.org.br\/index.php\/wp-json\/wp\/v2\/users\/17"}],"replies":[{"embeddable":true,"href":"https:\/\/pdt-rj.org.br\/index.php\/wp-json\/wp\/v2\/comments?post=47498"}],"version-history":[{"count":1,"href":"https:\/\/pdt-rj.org.br\/index.php\/wp-json\/wp\/v2\/posts\/47498\/revisions"}],"predecessor-version":[{"id":56216,"href":"https:\/\/pdt-rj.org.br\/index.php\/wp-json\/wp\/v2\/posts\/47498\/revisions\/56216"}],"wp:attachment":[{"href":"https:\/\/pdt-rj.org.br\/index.php\/wp-json\/wp\/v2\/media?parent=47498"}],"wp:term":[{"taxonomy":"category","embeddable":true,"href":"https:\/\/pdt-rj.org.br\/index.php\/wp-json\/wp\/v2\/categories?post=47498"},{"taxonomy":"post_tag","embeddable":true,"href":"https:\/\/pdt-rj.org.br\/index.php\/wp-json\/wp\/v2\/tags?post=47498"}],"curies":[{"name":"wp","href":"https:\/\/api.w.org\/{rel}","templated":true}]}}