{"id":47488,"date":"2016-08-24T19:11:35","date_gmt":"2016-08-24T22:11:35","guid":{"rendered":"http:\/\/pdt-rj.org.br\/?p=47488"},"modified":"2016-08-24T19:11:35","modified_gmt":"2016-08-24T22:11:35","slug":"lupi-prestigia-homenagem-a-vargas-e-momento-civico-da-legalidade","status":"publish","type":"post","link":"https:\/\/pdt-rj.org.br\/index.php\/lupi-prestigia-homenagem-a-vargas-e-momento-civico-da-legalidade\/","title":{"rendered":"Lupi e Ciro prestigiam homenagem a Vargas e Momento C\u00edvico da Legalidade"},"content":{"rendered":"<p><img loading=\"lazy\" decoding=\"async\" class=\"alignnone size-medium wp-image-47443 alignleft\" src=\"http:\/\/pdt-rj.org.br\/wp-content\/uploads\/2016\/08\/Lupi-fortalece-campanhas-no-Rio-Grande-do-Sul-300x169.jpeg\" alt=\"Lupi fortalece campanhas no Rio Grande do Sul\" width=\"300\" height=\"169\" srcset=\"https:\/\/pdt-rj.org.br\/wp-content\/uploads\/2016\/08\/Lupi-fortalece-campanhas-no-Rio-Grande-do-Sul-300x169.jpeg 300w, https:\/\/pdt-rj.org.br\/wp-content\/uploads\/2016\/08\/Lupi-fortalece-campanhas-no-Rio-Grande-do-Sul-100x56.jpeg 100w, https:\/\/pdt-rj.org.br\/wp-content\/uploads\/2016\/08\/Lupi-fortalece-campanhas-no-Rio-Grande-do-Sul-768x432.jpeg 768w, https:\/\/pdt-rj.org.br\/wp-content\/uploads\/2016\/08\/Lupi-fortalece-campanhas-no-Rio-Grande-do-Sul.jpeg 1024w, https:\/\/pdt-rj.org.br\/wp-content\/uploads\/2016\/08\/Lupi-fortalece-campanhas-no-Rio-Grande-do-Sul-160x90.jpeg 160w, https:\/\/pdt-rj.org.br\/wp-content\/uploads\/2016\/08\/Lupi-fortalece-campanhas-no-Rio-Grande-do-Sul-600x338.jpeg 600w\" sizes=\"auto, (max-width: 300px) 100vw, 300px\" \/>Cumprindo agenda nesta quarta,\u00a0em Porto Alegre, o presidente Carlos Lupi, Ciro Gomes e outras lideran\u00e7as pedetistas relembraram dois momentos hist\u00f3ricos da democracia brasileira: o sacrif\u00edcio do presidente Get\u00falio Vargas e o Movimento C\u00edvico da Legalidade encabe\u00e7ado por Leonel Brizola.<\/p>\n<p>A homenagem a Vargas aconteceu pela manh\u00e3, na Pra\u00e7a Alf\u00e2ndega. &#8220;O golpismo que vemos hoje, \u00e9 semelhante ao de 62 anos atr\u00e1s. O povo n\u00e3o \u00e9 burro e sabe que est\u00e1 em curso um atentado a democracia e ao povo brasileiro. Que o sangue derramado por Get\u00falio naquele 24 de agosto alerte os golpistas para tomarem o seu lugar e respeitarem a P\u00e1tria brasileira&#8221;, bradou Lupi.<\/p>\n<p>Ciro tamb\u00e9m aludiu o fato hist\u00f3rico ao momento atual na pol\u00edtica nacional. &#8220;O povo que n\u00e3o conhece sua hist\u00f3ria est\u00e1 fadado a repeti-la. O que vemos hoje \u00e9 um caso grave de repeti\u00e7\u00e3o do passado, com um governo ileg\u00edtimo que atenta contra a jovem democracia brasileira&#8221;, alertou o ex-ministro.<\/p>\n<p>A tarde ficou a cargo da Sess\u00e3o Solene do Movimento C\u00edvico da Legalidade. O evento foi realizado na Assembleia Legislativa da capital e contou com a presen\u00e7a e discurso de diversos deputados estaduais. Juliana Brizola foi uma das que ocuparam a tribuna, lembrando da luta do seu av\u00f4 e afirmando que a luta pela democracia continua t\u00e3o viva quanto em 1961.<\/p>\n<!-- AddThis Advanced Settings generic via filter on the_content --><!-- AddThis Share Buttons generic via filter on the_content -->","protected":false},"excerpt":{"rendered":"<p>Cumprindo agenda nesta quarta,\u00a0em Porto Alegre, o presidente Carlos Lupi, Ciro Gomes e outras lideran\u00e7as pedetistas relembraram dois momentos hist\u00f3ricos da democracia brasileira: o sacrif\u00edcio do presidente Get\u00falio Vargas e o Movimento C\u00edvico da Legalidade encabe\u00e7ado por Leonel Brizola. A homenagem a Vargas aconteceu pela manh\u00e3, na Pra\u00e7a Alf\u00e2ndega. &#8220;O golpismo que vemos hoje, \u00e9&#8230;<!-- AddThis Advanced Settings generic via filter on wp_trim_excerpt --><!-- AddThis Share Buttons generic via filter on wp_trim_excerpt --><\/p>\n","protected":false},"author":17,"featured_media":47443,"comment_status":"closed","ping_status":"open","sticky":false,"template":"","format":"standard","meta":{"_monsterinsights_skip_tracking":false,"_monsterinsights_sitenote_active":false,"_monsterinsights_sitenote_note":"","_monsterinsights_sitenote_category":0,"_uf_show_specific_survey":0,"_uf_disable_surveys":false,"footnotes":""},"categories":[1401],"tags":[196,220,437,565,1221],"class_list":["post-47488","post","type-post","status-publish","format-standard","has-post-thumbnail","hentry","category-nacional","tag-carlos-lupi","tag-ciro-gomes","tag-getulio-vargas","tag-leonel-brizola","tag-movimento-civico-da-legalidade"],"acf":[],"_links":{"self":[{"href":"https:\/\/pdt-rj.org.br\/index.php\/wp-json\/wp\/v2\/posts\/47488","targetHints":{"allow":["GET"]}}],"collection":[{"href":"https:\/\/pdt-rj.org.br\/index.php\/wp-json\/wp\/v2\/posts"}],"about":[{"href":"https:\/\/pdt-rj.org.br\/index.php\/wp-json\/wp\/v2\/types\/post"}],"author":[{"embeddable":true,"href":"https:\/\/pdt-rj.org.br\/index.php\/wp-json\/wp\/v2\/users\/17"}],"replies":[{"embeddable":true,"href":"https:\/\/pdt-rj.org.br\/index.php\/wp-json\/wp\/v2\/comments?post=47488"}],"version-history":[{"count":0,"href":"https:\/\/pdt-rj.org.br\/index.php\/wp-json\/wp\/v2\/posts\/47488\/revisions"}],"wp:featuredmedia":[{"embeddable":true,"href":"https:\/\/pdt-rj.org.br\/index.php\/wp-json\/wp\/v2\/media\/47443"}],"wp:attachment":[{"href":"https:\/\/pdt-rj.org.br\/index.php\/wp-json\/wp\/v2\/media?parent=47488"}],"wp:term":[{"taxonomy":"category","embeddable":true,"href":"https:\/\/pdt-rj.org.br\/index.php\/wp-json\/wp\/v2\/categories?post=47488"},{"taxonomy":"post_tag","embeddable":true,"href":"https:\/\/pdt-rj.org.br\/index.php\/wp-json\/wp\/v2\/tags?post=47488"}],"curies":[{"name":"wp","href":"https:\/\/api.w.org\/{rel}","templated":true}]}}