{"id":47451,"date":"2016-08-24T16:05:55","date_gmt":"2016-08-24T19:05:55","guid":{"rendered":"http:\/\/pdt-rj.org.br\/?p=47451"},"modified":"2017-10-26T09:07:46","modified_gmt":"2017-10-26T11:07:46","slug":"pdt-lidera-disputa-para-prefeitura-de-ribeirao-preto","status":"publish","type":"post","link":"https:\/\/pdt-rj.org.br\/index.php\/pdt-lidera-disputa-para-prefeitura-de-ribeirao-preto\/","title":{"rendered":"PDT lidera disputa para Prefeitura de Ribeir\u00e3o Preto"},"content":{"rendered":"<p><img loading=\"lazy\" decoding=\"async\" class=\"alignnone size-medium wp-image-47453 alignright\" src=\"http:\/\/pdt-rj.org.br\/wp-content\/uploads\/2016\/08\/Ricardo-Silva-Ribeir\u00e3o-Preto-300x195.jpg\" alt=\"Ricardo-Silva---Ribeir\u00e3o-Preto\" width=\"300\" height=\"195\" srcset=\"https:\/\/pdt-rj.org.br\/wp-content\/uploads\/2016\/08\/Ricardo-Silva-Ribeir\u00e3o-Preto-300x195.jpg 300w, https:\/\/pdt-rj.org.br\/wp-content\/uploads\/2016\/08\/Ricardo-Silva-Ribeir\u00e3o-Preto-100x65.jpg 100w, https:\/\/pdt-rj.org.br\/wp-content\/uploads\/2016\/08\/Ricardo-Silva-Ribeir\u00e3o-Preto-138x90.jpg 138w, https:\/\/pdt-rj.org.br\/wp-content\/uploads\/2016\/08\/Ricardo-Silva-Ribeir\u00e3o-Preto.jpg 729w\" sizes=\"auto, (max-width: 300px) 100vw, 300px\" \/>Pesquisa divulgada nesta ter\u00e7a-feira pela EPTV de Ribeir\u00e3o Preto mostra que, se\u00a0a elei\u00e7\u00e3o fosse hoje, o candidato do PDT \u00e0 Prefeitura Ricardo Silva seria \u00a0eleito no primeiro turno, com 39% das inten\u00e7\u00f5es de votos. Isso porque o candidato supera sozinho o porcentual de votos v\u00e1lidos de todos os outros candidatos somados, que atingiria 33% .<\/p>\n<p>Ricardo Silva \u00e9 vereador, casado, graduado em Direito, formado tamb\u00e9m em Filosofia, com p\u00f3s-gradua\u00e7\u00e3o em Sociologia. Atuou como advogado por v\u00e1rios anos e, em seguida, foi aprovado em concurso p\u00fablico para o Tribunal de Justi\u00e7a do Estado de S\u00e3o Paulo.<\/p>\n<p>Possui vasta experi\u00eancia profissional, com passagem pelos principais \u00f3rg\u00e3os de Justi\u00e7a como o Minist\u00e9rio P\u00fablico Federal e o F\u00f3rum de Ribeir\u00e3o Preto.<\/p>\n<p>Ricardo foi eleito o vereador novo mais votado da hist\u00f3ria de Ribeir\u00e3o Preto, com 9.416 votos.<\/p>\n<p>A pesquisa apontou ainda que brancos e nulos somaram 18% e &#8220;n\u00e3o sabem\/n\u00e3o respondeu&#8221; atingiram 10%.<\/p>\n<p>O Ibope ouviu 602 eleitores entre 19 e 21 de agosto, a margem de erro \u00e9 de quatro pontos porcentuais para cima ou para baixo e o n\u00edvel de confian\u00e7a \u00e9 de 95%. O levantamento foi registrado no Tribunal Regional Eleitoral (TRE) sob o protocolo SP-05432\/2016<\/p>\n<!-- AddThis Advanced Settings generic via filter on the_content --><!-- AddThis Share Buttons generic via filter on the_content -->","protected":false},"excerpt":{"rendered":"<p>Pesquisa divulgada nesta ter\u00e7a-feira pela EPTV de Ribeir\u00e3o Preto mostra que, se\u00a0a elei\u00e7\u00e3o fosse hoje, o candidato do PDT \u00e0 Prefeitura Ricardo Silva seria \u00a0eleito no primeiro turno, com 39% das inten\u00e7\u00f5es de votos. Isso porque o candidato supera sozinho o porcentual de votos v\u00e1lidos de todos os outros candidatos somados, que atingiria 33% &#8230;.<!-- AddThis Advanced Settings generic via filter on wp_trim_excerpt --><!-- AddThis Share Buttons generic via filter on wp_trim_excerpt --><\/p>\n","protected":false},"author":17,"featured_media":0,"comment_status":"closed","ping_status":"open","sticky":false,"template":"","format":"standard","meta":{"_monsterinsights_skip_tracking":false,"_monsterinsights_sitenote_active":false,"_monsterinsights_sitenote_note":"","_monsterinsights_sitenote_category":0,"_uf_show_specific_survey":0,"_uf_disable_surveys":false,"footnotes":""},"categories":[976],"tags":[38,1220],"class_list":["post-47451","post","type-post","status-publish","format-standard","hentry","category-noticias-em-destaque","tag-pdt","tag-ricardo-silva"],"acf":[],"_links":{"self":[{"href":"https:\/\/pdt-rj.org.br\/index.php\/wp-json\/wp\/v2\/posts\/47451","targetHints":{"allow":["GET"]}}],"collection":[{"href":"https:\/\/pdt-rj.org.br\/index.php\/wp-json\/wp\/v2\/posts"}],"about":[{"href":"https:\/\/pdt-rj.org.br\/index.php\/wp-json\/wp\/v2\/types\/post"}],"author":[{"embeddable":true,"href":"https:\/\/pdt-rj.org.br\/index.php\/wp-json\/wp\/v2\/users\/17"}],"replies":[{"embeddable":true,"href":"https:\/\/pdt-rj.org.br\/index.php\/wp-json\/wp\/v2\/comments?post=47451"}],"version-history":[{"count":1,"href":"https:\/\/pdt-rj.org.br\/index.php\/wp-json\/wp\/v2\/posts\/47451\/revisions"}],"predecessor-version":[{"id":56218,"href":"https:\/\/pdt-rj.org.br\/index.php\/wp-json\/wp\/v2\/posts\/47451\/revisions\/56218"}],"wp:attachment":[{"href":"https:\/\/pdt-rj.org.br\/index.php\/wp-json\/wp\/v2\/media?parent=47451"}],"wp:term":[{"taxonomy":"category","embeddable":true,"href":"https:\/\/pdt-rj.org.br\/index.php\/wp-json\/wp\/v2\/categories?post=47451"},{"taxonomy":"post_tag","embeddable":true,"href":"https:\/\/pdt-rj.org.br\/index.php\/wp-json\/wp\/v2\/tags?post=47451"}],"curies":[{"name":"wp","href":"https:\/\/api.w.org\/{rel}","templated":true}]}}