{"id":47433,"date":"2016-08-23T19:10:28","date_gmt":"2016-08-23T22:10:28","guid":{"rendered":"http:\/\/pdt-rj.org.br\/?p=47433"},"modified":"2017-10-26T09:07:46","modified_gmt":"2017-10-26T11:07:46","slug":"andre-figueiredo-defende-prioridade-no-projovem-para-jovens-egressos-de-abrigos","status":"publish","type":"post","link":"https:\/\/pdt-rj.org.br\/index.php\/andre-figueiredo-defende-prioridade-no-projovem-para-jovens-egressos-de-abrigos\/","title":{"rendered":"Andr\u00e9 Figueiredo defende prioridade no Projovem para jovens egressos de abrigos"},"content":{"rendered":"<p><img loading=\"lazy\" decoding=\"async\" class=\"alignnone size-medium wp-image-47434 alignright\" src=\"http:\/\/pdt-rj.org.br\/wp-content\/uploads\/2016\/08\/Deputado-federal-Andr\u00e9-Figueiredo.-300x199.jpg\" alt=\"Deputado federal Andr\u00e9 Figueiredo.\" width=\"300\" height=\"199\" srcset=\"https:\/\/pdt-rj.org.br\/wp-content\/uploads\/2016\/08\/Deputado-federal-Andr\u00e9-Figueiredo.-300x199.jpg 300w, https:\/\/pdt-rj.org.br\/wp-content\/uploads\/2016\/08\/Deputado-federal-Andr\u00e9-Figueiredo.-100x66.jpg 100w, https:\/\/pdt-rj.org.br\/wp-content\/uploads\/2016\/08\/Deputado-federal-Andr\u00e9-Figueiredo.-768x510.jpg 768w, https:\/\/pdt-rj.org.br\/wp-content\/uploads\/2016\/08\/Deputado-federal-Andr\u00e9-Figueiredo..jpg 1024w, https:\/\/pdt-rj.org.br\/wp-content\/uploads\/2016\/08\/Deputado-federal-Andr\u00e9-Figueiredo.-136x90.jpg 136w\" sizes=\"auto, (max-width: 300px) 100vw, 300px\" \/>A Comiss\u00e3o de Trabalho, Administra\u00e7\u00e3o e Servi\u00e7o P\u00fablico da C\u00e2mara dos Deputados aprovou nesta ter\u00e7a-feira (23), por unanimidade, o parecer de autoria do deputado federal <strong><a href=\"https:\/\/www.facebook.com\/DeputadoAndreFigueiredo\/?fref=ts\">Andr\u00e9 Figueiredo<\/a><\/strong> que estabelece o atendimento priorit\u00e1rio de jovens egressos de abrigos pelo <strong><a href=\"http:\/\/portal.mec.gov.br\/inicio\/323-secretarias-112877938\/orgaos-vinculados-82187207\/12920-projovem-programa-nacional-de-inclusao-de-jovens\">Programa Nacional de Inclus\u00e3o de Jovens<\/a><\/strong> (Projovem).<\/p>\n<p>\u201cO tema \u00e9 relevante. Os jovens provenientes de abrigos est\u00e3o em clara situa\u00e7\u00e3o de vulnerabilidade e merecem prote\u00e7\u00e3o\u201d, justificou o parlamentar.<\/p>\n<p>Durante a reuni\u00e3o, o deputado aproveitou para criticar o esvaziamento das pol\u00edticas p\u00fablicas voltadas \u00e0 inclus\u00e3o e capacita\u00e7\u00e3o de jovens.<\/p>\n<p>\u201cInfelizmente, esse projeto pode se tornar in\u00f3cuo, v\u00edtima da vis\u00e3o tosca de se acabar com os projetos de qualifica\u00e7\u00e3o profissional\u201d, comentou.<\/p>\n<p>No Congresso, Andr\u00e9 Figueiredo concede especial aten\u00e7\u00e3o ao tema, uma vez que ele tamb\u00e9m foi o relator da <strong>Medida Provis\u00f3ria 238\/2005<\/strong>, que criou a Secretaria Nacional de Juventude, o Conselho Nacional de Juventude, e o primeiro ProJovem \u2013 respons\u00e1vel pela capacita\u00e7\u00e3o de mais de 600 mil pessoas s\u00f3 em 2005.<\/p>\n<!-- AddThis Advanced Settings generic via filter on the_content --><!-- AddThis Share Buttons generic via filter on the_content -->","protected":false},"excerpt":{"rendered":"<p>A Comiss\u00e3o de Trabalho, Administra\u00e7\u00e3o e Servi\u00e7o P\u00fablico da C\u00e2mara dos Deputados aprovou nesta ter\u00e7a-feira (23), por unanimidade, o parecer de autoria do deputado federal Andr\u00e9 Figueiredo que estabelece o atendimento priorit\u00e1rio de jovens egressos de abrigos pelo Programa Nacional de Inclus\u00e3o de Jovens (Projovem). \u201cO tema \u00e9 relevante. Os jovens provenientes de abrigos est\u00e3o&#8230;<!-- AddThis Advanced Settings generic via filter on wp_trim_excerpt --><!-- AddThis Share Buttons generic via filter on wp_trim_excerpt --><\/p>\n","protected":false},"author":17,"featured_media":0,"comment_status":"closed","ping_status":"open","sticky":false,"template":"","format":"standard","meta":{"_monsterinsights_skip_tracking":false,"_monsterinsights_sitenote_active":false,"_monsterinsights_sitenote_note":"","_monsterinsights_sitenote_category":0,"_uf_show_specific_survey":0,"_uf_disable_surveys":false,"footnotes":""},"categories":[976],"tags":[34,38,745,1217,1218],"class_list":["post-47433","post","type-post","status-publish","format-standard","hentry","category-noticias-em-destaque","tag-andre-figueiredo","tag-pdt","tag-politicas-publicas","tag-programa-nacional-de-inclusao-de-jovens","tag-projovem"],"acf":[],"_links":{"self":[{"href":"https:\/\/pdt-rj.org.br\/index.php\/wp-json\/wp\/v2\/posts\/47433","targetHints":{"allow":["GET"]}}],"collection":[{"href":"https:\/\/pdt-rj.org.br\/index.php\/wp-json\/wp\/v2\/posts"}],"about":[{"href":"https:\/\/pdt-rj.org.br\/index.php\/wp-json\/wp\/v2\/types\/post"}],"author":[{"embeddable":true,"href":"https:\/\/pdt-rj.org.br\/index.php\/wp-json\/wp\/v2\/users\/17"}],"replies":[{"embeddable":true,"href":"https:\/\/pdt-rj.org.br\/index.php\/wp-json\/wp\/v2\/comments?post=47433"}],"version-history":[{"count":1,"href":"https:\/\/pdt-rj.org.br\/index.php\/wp-json\/wp\/v2\/posts\/47433\/revisions"}],"predecessor-version":[{"id":56219,"href":"https:\/\/pdt-rj.org.br\/index.php\/wp-json\/wp\/v2\/posts\/47433\/revisions\/56219"}],"wp:attachment":[{"href":"https:\/\/pdt-rj.org.br\/index.php\/wp-json\/wp\/v2\/media?parent=47433"}],"wp:term":[{"taxonomy":"category","embeddable":true,"href":"https:\/\/pdt-rj.org.br\/index.php\/wp-json\/wp\/v2\/categories?post=47433"},{"taxonomy":"post_tag","embeddable":true,"href":"https:\/\/pdt-rj.org.br\/index.php\/wp-json\/wp\/v2\/tags?post=47433"}],"curies":[{"name":"wp","href":"https:\/\/api.w.org\/{rel}","templated":true}]}}