{"id":47405,"date":"2016-08-22T18:45:13","date_gmt":"2016-08-22T21:45:13","guid":{"rendered":"http:\/\/pdt-rj.org.br\/?p=47405"},"modified":"2017-10-26T09:07:47","modified_gmt":"2017-10-26T11:07:47","slug":"pedestistas-compoem-a-comissao-especial-sobre-carreira-tributaria-e-a-aduana-brasileira","status":"publish","type":"post","link":"https:\/\/pdt-rj.org.br\/index.php\/pedestistas-compoem-a-comissao-especial-sobre-carreira-tributaria-e-a-aduana-brasileira\/","title":{"rendered":"Pedestistas comp\u00f5em a comiss\u00e3o especial sobre Carreira Tribut\u00e1ria e a Aduaneira"},"content":{"rendered":"<p>Os deputados pedetistas <a href=\"https:\/\/www.facebook.com\/DeputadoAndreFigueiredo\/?fref=ts\"><strong>Andr\u00e9 Figueiredo<\/strong><\/a> (CE) e Carlos <strong><a href=\"https:\/\/www.facebook.com\/cadocadeputado\/?fref=ts\">Eduardo Cadoca<\/a><\/strong> (PE), s\u00e3o os escolhidos pelo partido para ocupar a vaga de titular e suplente, respectivamente, da Comiss\u00e3o Especial que vai analisar o Projeto de Lei<strong><a href=\"http:\/\/www.camara.gov.br\/proposicoesWeb\/fichadetramitacao?idProposicao=2092339\"> 5864\/16<\/a><\/strong>, do Poder Executivo, que\u00a0 trata da Carreira Tribut\u00e1ria e Aduaneira da Receita Federal do Brasil e institui o Programa de Remunera\u00e7\u00e3o Vari\u00e1vel da Receita Federal do Brasil.<\/p>\n<p>O projeto faz ajuste na legisla\u00e7\u00e3o para aprimorar os trabalhos da Secretaria da Receita Federal, \u00f3rg\u00e3o que exerce a administra\u00e7\u00e3o tribut\u00e1ria e aduaneira da Uni\u00e3o, na preven\u00e7\u00e3o e combate da sonega\u00e7\u00e3o fiscal, bem como a repress\u00e3o aos il\u00edcitos aduaneiro, \u00e0 contrafa\u00e7\u00e3o e \u00e0 pirataria.<\/p>\n<p>A Secretaria tamb\u00e9m subsidia o Poder Executivo Federal na formula\u00e7\u00e3o de pol\u00edticas tribut\u00e1rias e aduaneiras, na elabora\u00e7\u00e3o de legisla\u00e7\u00f5es tribut\u00e1rias e aduaneiras e no acompanhamento de sua tramita\u00e7\u00e3o no Congresso Nacional. O \u00f3rg\u00e3o tamb\u00e9m tem importante papel na preven\u00e7\u00e3o e combate \u00e0 corrup\u00e7\u00e3o, \u00e0 lavagem de dinheiro e ao financiamento ao terrorismo.<\/p>\n<p>A proposta ainda muda a nomenclatura da Carreira de Auditoria da Receita Federal do Brasil para Carreira Tribut\u00e1ria e Aduaneira da Receita Federal do Brasil, composta pelos cargos de n\u00edvel superior de Auditor-Fiscal da Receita Federal do Brasil e de Analista Tribut\u00e1rio da Receita Federal do Brasil.<\/p>\n<!-- AddThis Advanced Settings generic via filter on the_content --><!-- AddThis Share Buttons generic via filter on the_content -->","protected":false},"excerpt":{"rendered":"<p>Os deputados pedetistas Andr\u00e9 Figueiredo (CE) e Carlos Eduardo Cadoca (PE), s\u00e3o os escolhidos pelo partido para ocupar a vaga de titular e suplente, respectivamente, da Comiss\u00e3o Especial que vai analisar o Projeto de Lei 5864\/16, do Poder Executivo, que\u00a0 trata da Carreira Tribut\u00e1ria e Aduaneira da Receita Federal do Brasil e institui o Programa&#8230;<!-- AddThis Advanced Settings generic via filter on wp_trim_excerpt --><!-- AddThis Share Buttons generic via filter on wp_trim_excerpt --><\/p>\n","protected":false},"author":17,"featured_media":0,"comment_status":"closed","ping_status":"open","sticky":false,"template":"","format":"standard","meta":{"_monsterinsights_skip_tracking":false,"_monsterinsights_sitenote_active":false,"_monsterinsights_sitenote_note":"","_monsterinsights_sitenote_category":0,"_uf_show_specific_survey":0,"_uf_disable_surveys":false,"footnotes":""},"categories":[976],"tags":[34,195,1203,38,1204],"class_list":["post-47405","post","type-post","status-publish","format-standard","hentry","category-noticias-em-destaque","tag-andre-figueiredo","tag-carlos-eduardo-cadoca","tag-carreira-tributaria","tag-pdt","tag-receita-federal-do-brasil"],"acf":[],"_links":{"self":[{"href":"https:\/\/pdt-rj.org.br\/index.php\/wp-json\/wp\/v2\/posts\/47405","targetHints":{"allow":["GET"]}}],"collection":[{"href":"https:\/\/pdt-rj.org.br\/index.php\/wp-json\/wp\/v2\/posts"}],"about":[{"href":"https:\/\/pdt-rj.org.br\/index.php\/wp-json\/wp\/v2\/types\/post"}],"author":[{"embeddable":true,"href":"https:\/\/pdt-rj.org.br\/index.php\/wp-json\/wp\/v2\/users\/17"}],"replies":[{"embeddable":true,"href":"https:\/\/pdt-rj.org.br\/index.php\/wp-json\/wp\/v2\/comments?post=47405"}],"version-history":[{"count":1,"href":"https:\/\/pdt-rj.org.br\/index.php\/wp-json\/wp\/v2\/posts\/47405\/revisions"}],"predecessor-version":[{"id":56223,"href":"https:\/\/pdt-rj.org.br\/index.php\/wp-json\/wp\/v2\/posts\/47405\/revisions\/56223"}],"wp:attachment":[{"href":"https:\/\/pdt-rj.org.br\/index.php\/wp-json\/wp\/v2\/media?parent=47405"}],"wp:term":[{"taxonomy":"category","embeddable":true,"href":"https:\/\/pdt-rj.org.br\/index.php\/wp-json\/wp\/v2\/categories?post=47405"},{"taxonomy":"post_tag","embeddable":true,"href":"https:\/\/pdt-rj.org.br\/index.php\/wp-json\/wp\/v2\/tags?post=47405"}],"curies":[{"name":"wp","href":"https:\/\/api.w.org\/{rel}","templated":true}]}}