{"id":47395,"date":"2016-08-22T17:41:33","date_gmt":"2016-08-22T20:41:33","guid":{"rendered":"http:\/\/pdt-rj.org.br\/?p=47395"},"modified":"2017-10-26T09:07:47","modified_gmt":"2017-10-26T11:07:47","slug":"roberto-claudio-anuncia-novos-avancos-na-infraestrutura-cicloviaria-de-fortaleza","status":"publish","type":"post","link":"https:\/\/pdt-rj.org.br\/index.php\/roberto-claudio-anuncia-novos-avancos-na-infraestrutura-cicloviaria-de-fortaleza\/","title":{"rendered":"Roberto Cl\u00e1udio anuncia novos avan\u00e7os na infraestrutura ciclovi\u00e1ria de Fortaleza"},"content":{"rendered":"<p><img loading=\"lazy\" decoding=\"async\" class=\"alignnone size-medium wp-image-47397 alignleft\" src=\"http:\/\/pdt-rj.org.br\/wp-content\/uploads\/2016\/08\/WhatsApp-Image-2016-08-21-at-17.29.00-300x225.jpeg\" alt=\"WhatsApp-Image-2016-08-21-at-17.29.00\" width=\"300\" height=\"225\" srcset=\"https:\/\/pdt-rj.org.br\/wp-content\/uploads\/2016\/08\/WhatsApp-Image-2016-08-21-at-17.29.00-300x225.jpeg 300w, https:\/\/pdt-rj.org.br\/wp-content\/uploads\/2016\/08\/WhatsApp-Image-2016-08-21-at-17.29.00-100x75.jpeg 100w, https:\/\/pdt-rj.org.br\/wp-content\/uploads\/2016\/08\/WhatsApp-Image-2016-08-21-at-17.29.00-768x576.jpeg 768w, https:\/\/pdt-rj.org.br\/wp-content\/uploads\/2016\/08\/WhatsApp-Image-2016-08-21-at-17.29.00.jpeg 1024w, https:\/\/pdt-rj.org.br\/wp-content\/uploads\/2016\/08\/WhatsApp-Image-2016-08-21-at-17.29.00-120x90.jpeg 120w\" sizes=\"auto, (max-width: 300px) 100vw, 300px\" \/>No \u00faltimo domingo (21),o prefeito <strong><a href=\"https:\/\/www.facebook.com\/prefeitorobertoclaudio\/?fref=ts\">Roberto Cl\u00e1udio<\/a><\/strong> (PDT), candidato \u00e0 reelei\u00e7\u00e3o pela coliga\u00e7\u00e3o &#8220;Fortaleza s\u00f3 tem a ganhar&#8221;, percorreu um trecho da Ciclofaixa de Lazer para legitimar uma das pol\u00edticas p\u00fablicas de maior \u00eaxito\u00a0da atual gest\u00e3o: a bicicleta como meio de transporte. A primeira-dama Carol Bezerra e o vereador Evaldo Lima, l\u00edder do Governo na C\u00e2mara Municipal e cicloativista militante, tamb\u00e9m participaram da pedalada.<\/p>\n<p>Durante o passeio, Roberto Cl\u00e1udio destacou as conquistas feitas para a integra\u00e7\u00e3o dos meios de transporte e anunciou mais avan\u00e7os para a mobilidade urbana.<\/p>\n<p>\u201cCome\u00e7amos uma experi\u00eancia com bicicleta integrada no Terminal da Parangaba e pr\u00f3xima semana iniciaremos no Terminal do Papicu. Vamos promover uma maior integra\u00e7\u00e3o entre bicicleta e transporte p\u00fablico com ideias novas e com mais conforto, agilidade e comodidade para que as pessoas andem mais de bicicleta e de \u00f4nibus e optando deixar o carro em casa, j\u00e1 que utilizar estes meios ser\u00e1 mais r\u00e1pido, mais barato, mais solid\u00e1rio\u201d, adiantou o prefeito.<\/p>\n<p>Roberto Cl\u00e1udio comentou, ainda, sobre os avan\u00e7os que far\u00e1 para facilitar o deslocamento seguro aos ciclistas em um segundo mandato.<\/p>\n<p>\u201cNo final de 2012, Fortaleza tinha 72 km de infraestrutura ciclovi\u00e1ria. Em tr\u00eas anos e meio j\u00e1 temos 164 km de ciclofaixas e ciclovias, j\u00e1 ultrapassamos a meta do plano ciclovi\u00e1rio e a previs\u00e3o \u00e9 que Fortaleza esteja com 216 km de rede ciclovi\u00e1ria at\u00e9 o final de 2016. Estou assumindo o compromisso de fazer pelo menos mais 150 km de ciclofaixas na cidade nos pr\u00f3ximos quatro anos\u201d, disse.<\/p>\n<p>Iniciada em setembro de 2014, a Ciclofaixa de Lazer amplia em ruas e avenidas de Fortaleza o espa\u00e7o exclusivo para bicicletas. Todos os domingos, o percurso liga o Parque do Coc\u00f3 ao Passeio P\u00fablico e tem cerca de 10 quil\u00f4metros de extens\u00e3o. Participam aproximadamente quatro mil pessoas em cada edi\u00e7\u00e3o. No pr\u00f3ximo dia 11 de setembro, a Ciclofaixa de Lazer comemorar\u00e1 sua 100\u00aa edi\u00e7\u00e3o.<\/p>\n<!-- AddThis Advanced Settings generic via filter on the_content --><!-- AddThis Share Buttons generic via filter on the_content -->","protected":false},"excerpt":{"rendered":"<p>No \u00faltimo domingo (21),o prefeito Roberto Cl\u00e1udio (PDT), candidato \u00e0 reelei\u00e7\u00e3o pela coliga\u00e7\u00e3o &#8220;Fortaleza s\u00f3 tem a ganhar&#8221;, percorreu um trecho da Ciclofaixa de Lazer para legitimar uma das pol\u00edticas p\u00fablicas de maior \u00eaxito\u00a0da atual gest\u00e3o: a bicicleta como meio de transporte. A primeira-dama Carol Bezerra e o vereador Evaldo Lima, l\u00edder do Governo na&#8230;<!-- AddThis Advanced Settings generic via filter on wp_trim_excerpt --><!-- AddThis Share Buttons generic via filter on wp_trim_excerpt --><\/p>\n","protected":false},"author":17,"featured_media":0,"comment_status":"closed","ping_status":"open","sticky":false,"template":"","format":"standard","meta":{"_monsterinsights_skip_tracking":false,"_monsterinsights_sitenote_active":false,"_monsterinsights_sitenote_note":"","_monsterinsights_sitenote_category":0,"_uf_show_specific_survey":0,"_uf_disable_surveys":false,"footnotes":""},"categories":[976],"tags":[1199,1200,1201,38,811,836],"class_list":["post-47395","post","type-post","status-publish","format-standard","hentry","category-noticias-em-destaque","tag-ciclofaixa","tag-ciclofaixa-de-lazer","tag-fortaleza-so-tem-a-ganhar","tag-pdt","tag-reeleicao","tag-roberto-claudio"],"acf":[],"_links":{"self":[{"href":"https:\/\/pdt-rj.org.br\/index.php\/wp-json\/wp\/v2\/posts\/47395","targetHints":{"allow":["GET"]}}],"collection":[{"href":"https:\/\/pdt-rj.org.br\/index.php\/wp-json\/wp\/v2\/posts"}],"about":[{"href":"https:\/\/pdt-rj.org.br\/index.php\/wp-json\/wp\/v2\/types\/post"}],"author":[{"embeddable":true,"href":"https:\/\/pdt-rj.org.br\/index.php\/wp-json\/wp\/v2\/users\/17"}],"replies":[{"embeddable":true,"href":"https:\/\/pdt-rj.org.br\/index.php\/wp-json\/wp\/v2\/comments?post=47395"}],"version-history":[{"count":1,"href":"https:\/\/pdt-rj.org.br\/index.php\/wp-json\/wp\/v2\/posts\/47395\/revisions"}],"predecessor-version":[{"id":56225,"href":"https:\/\/pdt-rj.org.br\/index.php\/wp-json\/wp\/v2\/posts\/47395\/revisions\/56225"}],"wp:attachment":[{"href":"https:\/\/pdt-rj.org.br\/index.php\/wp-json\/wp\/v2\/media?parent=47395"}],"wp:term":[{"taxonomy":"category","embeddable":true,"href":"https:\/\/pdt-rj.org.br\/index.php\/wp-json\/wp\/v2\/categories?post=47395"},{"taxonomy":"post_tag","embeddable":true,"href":"https:\/\/pdt-rj.org.br\/index.php\/wp-json\/wp\/v2\/tags?post=47395"}],"curies":[{"name":"wp","href":"https:\/\/api.w.org\/{rel}","templated":true}]}}