{"id":47372,"date":"2016-08-22T12:47:10","date_gmt":"2016-08-22T15:47:10","guid":{"rendered":"http:\/\/pdt-rj.org.br\/?p=47372"},"modified":"2017-10-26T09:07:47","modified_gmt":"2017-10-26T11:07:47","slug":"comissao-especial-contra-a-corrupcao-realiza-audiencia-publica-nesta-terca-feira","status":"publish","type":"post","link":"https:\/\/pdt-rj.org.br\/index.php\/comissao-especial-contra-a-corrupcao-realiza-audiencia-publica-nesta-terca-feira\/","title":{"rendered":"Comiss\u00e3o especial contra a corrup\u00e7\u00e3o realiza audi\u00eancia p\u00fablica nesta ter\u00e7a-feira"},"content":{"rendered":"<p>A Comiss\u00e3o Especial que analisa as Medidas contra a Corrup\u00e7\u00e3o (<a href=\"http:\/\/www.camara.gov.br\/proposicoesWeb\/fichadetramitacao?idProposicao=2080604\">PL 4850\/16<\/a>) realiza audi\u00eancia p\u00fablica nesta ter\u00e7a-feira (23). O evento foi proposto pelos deputados federais <strong><a href=\"https:\/\/www.facebook.com\/felixjunior1234\/?fref=ts\">F\u00e9lix Mendon\u00e7a J\u00fanior<\/a><\/strong> (PDT-BA), <strong><a href=\"https:\/\/www.facebook.com\/vidigalsergio\/?fref=ts\">S\u00e9rgio Vidigal<\/a><\/strong> (PDT-ES) e Paulo Teixeira (PT-SP).<\/p>\n<p>Foram convidados para o debate o juiz de Direito do estado de S\u00e3o Paulo Marcelo Semer, o doutor em Ci\u00eancias Sociais Alberto Carlos de Almeida e o advogado e professor de Direito da Universidade Federal da Bahia (UFBA) Gamil F\u00f6ppel.<\/p>\n<p>A audi\u00eancia ocorrer\u00e1 no plen\u00e1rio 9, a partir das 9h30.<\/p>\n<!-- AddThis Advanced Settings generic via filter on the_content --><!-- AddThis Share Buttons generic via filter on the_content -->","protected":false},"excerpt":{"rendered":"<p>A Comiss\u00e3o Especial que analisa as Medidas contra a Corrup\u00e7\u00e3o (PL 4850\/16) realiza audi\u00eancia p\u00fablica nesta ter\u00e7a-feira (23). O evento foi proposto pelos deputados federais F\u00e9lix Mendon\u00e7a J\u00fanior (PDT-BA), S\u00e9rgio Vidigal (PDT-ES) e Paulo Teixeira (PT-SP). Foram convidados para o debate o juiz de Direito do estado de S\u00e3o Paulo Marcelo Semer, o doutor em&#8230;<!-- AddThis Advanced Settings generic via filter on wp_trim_excerpt --><!-- AddThis Share Buttons generic via filter on wp_trim_excerpt --><\/p>\n","protected":false},"author":17,"featured_media":0,"comment_status":"closed","ping_status":"open","sticky":false,"template":"","format":"standard","meta":{"_monsterinsights_skip_tracking":false,"_monsterinsights_sitenote_active":false,"_monsterinsights_sitenote_note":"","_monsterinsights_sitenote_category":0,"_uf_show_specific_survey":0,"_uf_disable_surveys":false,"footnotes":""},"categories":[976],"tags":[390,1197,38,873],"class_list":["post-47372","post","type-post","status-publish","format-standard","hentry","category-noticias-em-destaque","tag-felix-mendonca","tag-marcelo-semer","tag-pdt","tag-sergio-vidigal"],"acf":[],"_links":{"self":[{"href":"https:\/\/pdt-rj.org.br\/index.php\/wp-json\/wp\/v2\/posts\/47372","targetHints":{"allow":["GET"]}}],"collection":[{"href":"https:\/\/pdt-rj.org.br\/index.php\/wp-json\/wp\/v2\/posts"}],"about":[{"href":"https:\/\/pdt-rj.org.br\/index.php\/wp-json\/wp\/v2\/types\/post"}],"author":[{"embeddable":true,"href":"https:\/\/pdt-rj.org.br\/index.php\/wp-json\/wp\/v2\/users\/17"}],"replies":[{"embeddable":true,"href":"https:\/\/pdt-rj.org.br\/index.php\/wp-json\/wp\/v2\/comments?post=47372"}],"version-history":[{"count":1,"href":"https:\/\/pdt-rj.org.br\/index.php\/wp-json\/wp\/v2\/posts\/47372\/revisions"}],"predecessor-version":[{"id":56227,"href":"https:\/\/pdt-rj.org.br\/index.php\/wp-json\/wp\/v2\/posts\/47372\/revisions\/56227"}],"wp:attachment":[{"href":"https:\/\/pdt-rj.org.br\/index.php\/wp-json\/wp\/v2\/media?parent=47372"}],"wp:term":[{"taxonomy":"category","embeddable":true,"href":"https:\/\/pdt-rj.org.br\/index.php\/wp-json\/wp\/v2\/categories?post=47372"},{"taxonomy":"post_tag","embeddable":true,"href":"https:\/\/pdt-rj.org.br\/index.php\/wp-json\/wp\/v2\/tags?post=47372"}],"curies":[{"name":"wp","href":"https:\/\/api.w.org\/{rel}","templated":true}]}}