{"id":47317,"date":"2016-08-19T11:01:45","date_gmt":"2016-08-19T14:01:45","guid":{"rendered":"http:\/\/pdt-rj.org.br\/?p=47317"},"modified":"2017-10-26T09:07:48","modified_gmt":"2017-10-26T11:07:48","slug":"instituto-federal-viabiliza-nova-sede-em-aracati-com-emenda-de-andre-figueiredo","status":"publish","type":"post","link":"https:\/\/pdt-rj.org.br\/index.php\/instituto-federal-viabiliza-nova-sede-em-aracati-com-emenda-de-andre-figueiredo\/","title":{"rendered":"Instituto Federal viabiliza nova sede, em Aracati, com emenda de Andr\u00e9 Figueiredo"},"content":{"rendered":"<p><img loading=\"lazy\" decoding=\"async\" class=\"alignnone size-medium wp-image-47318 alignright\" src=\"http:\/\/pdt-rj.org.br\/wp-content\/uploads\/2016\/08\/IMG_2942-300x225.jpg\" alt=\"IMG_2942\" width=\"300\" height=\"225\" srcset=\"https:\/\/pdt-rj.org.br\/wp-content\/uploads\/2016\/08\/IMG_2942-300x225.jpg 300w, https:\/\/pdt-rj.org.br\/wp-content\/uploads\/2016\/08\/IMG_2942-100x75.jpg 100w, https:\/\/pdt-rj.org.br\/wp-content\/uploads\/2016\/08\/IMG_2942-768x576.jpg 768w, https:\/\/pdt-rj.org.br\/wp-content\/uploads\/2016\/08\/IMG_2942.jpg 1024w, https:\/\/pdt-rj.org.br\/wp-content\/uploads\/2016\/08\/IMG_2942-120x90.jpg 120w\" sizes=\"auto, (max-width: 300px) 100vw, 300px\" \/>O deputado federal, Andr\u00e9 Figueiredo (PDT-CE), inaugurou, nessa quinta-feira (18), as novas instala\u00e7\u00f5es do campus de Aracati do Instituto Federal de Educa\u00e7\u00e3o, Ci\u00eancia e Tecnologia do Cear\u00e1 (IFCE). A amplia\u00e7\u00e3o foi viabilizada atrav\u00e9s de uma emenda de R$ 500 mil que o parlamentar cearense destinou em 2015.<\/p>\n<p>\u00a0O recurso foi investido na montagem do audit\u00f3rio com 180 lugares, em mobili\u00e1rio para as 10 salas de aula e 27 salas do bloco administrativo e equipamento para 10 laborat\u00f3rios. O investimento total para a obra, j\u00e1 inclu\u00edda a previs\u00e3o de gastos com a urbaniza\u00e7\u00e3o do pr\u00e9dio, \u00e9 quase R$ 9 milh\u00f5es.<\/p>\n<p>Com mais de 4.200m\u00b2 de \u00e1rea constru\u00edda, o novo campus ir\u00e1 beneficiar diretamente mais de 750 estudantes de Aracati e cidades pr\u00f3ximas como Fortim, Jaguaruana, Icapu\u00ed, Palhano e Beberibe, bem como os mais de 80 servidores p\u00fablicos da institui\u00e7\u00e3o federal. J\u00e1 a sede atual, situada no centro de Aracati, continuar\u00e1 funcionando com atividades complementares de pesquisa e extens\u00e3o.<\/p>\n<p>\u00a0Para Andr\u00e9 Figueiredo, a educa\u00e7\u00e3o \u00e9 um dos pilares para o desenvolvimento da sociedade e\u00a0merece a prioridade que recebe no Cear\u00e1. &#8220;Esses recursos permitem que o munic\u00edpio e o estado tenham gera\u00e7\u00f5es mais preparadas. O ensino qualificado desta institui\u00e7\u00e3o passa diretamente pelo trabalho dedicado de cada servidor, incluindo os docentes e administrativos&#8221;, afirmou o parlamentar, que estava acompanhado do reitor do IFCE no Cear\u00e1, Virg\u00edlio Araripe.<\/p>\n<p>O evento tamb\u00e9m contou com as presen\u00e7as dos secret\u00e1rios estaduais de Trabalho e Desenvolvimento Social (STDS) e de Ci\u00eancia, Tecnologia e Educa\u00e7\u00e3o Superior, Josbertini Clementino e In\u00e1cio Arruda, respectivamente; da secret\u00e1ria municipal do Trabalho e A\u00e7\u00e3o Social, F\u00e1tima Catunda, da diretora da IFCE, Ma\u00edra Nobre, dentre outras autoridades.<\/p>\n<p><strong>Estrutura<\/strong><\/p>\n<p>\u00a0Com apenas seis anos de atividade, o campus federal segue se destacando pela qualidade do ensino apresentada no estado e j\u00e1 se prepara para oferecer, em 2017, dois novos cursos: Licenciatura em Qu\u00edmica e Engenharia de Aquicultura. As duas forma\u00e7\u00f5es ir\u00e3o se juntar aos cursos t\u00e9cnicos em Aquicultura, Eventos, Guia de Turismo, Inform\u00e1tica e Petroqu\u00edmica e superiores em Ci\u00eancia da Computa\u00e7\u00e3o e Tecnologia em Hotelaria.<\/p>\n<p>\u00a0Para a comunidade da regi\u00e3o, a IFCE disponibiliza cursos gratuitos que promovem a qualifica\u00e7\u00e3o profissional dos participantes. Desde 2015, mais de 500 pessoas foram atendidas.<\/p>\n<!-- AddThis Advanced Settings generic via filter on the_content --><!-- AddThis Share Buttons generic via filter on the_content -->","protected":false},"excerpt":{"rendered":"<p>O deputado federal, Andr\u00e9 Figueiredo (PDT-CE), inaugurou, nessa quinta-feira (18), as novas instala\u00e7\u00f5es do campus de Aracati do Instituto Federal de Educa\u00e7\u00e3o, Ci\u00eancia e Tecnologia do Cear\u00e1 (IFCE). A amplia\u00e7\u00e3o foi viabilizada atrav\u00e9s de uma emenda de R$ 500 mil que o parlamentar cearense destinou em 2015. \u00a0O recurso foi investido na montagem do audit\u00f3rio&#8230;<!-- AddThis Advanced Settings generic via filter on wp_trim_excerpt --><!-- AddThis Share Buttons generic via filter on wp_trim_excerpt --><\/p>\n","protected":false},"author":17,"featured_media":0,"comment_status":"closed","ping_status":"open","sticky":false,"template":"","format":"standard","meta":{"_monsterinsights_skip_tracking":false,"_monsterinsights_sitenote_active":false,"_monsterinsights_sitenote_note":"","_monsterinsights_sitenote_category":0,"_uf_show_specific_survey":0,"_uf_disable_surveys":false,"footnotes":""},"categories":[976],"tags":[34,1187,294,338,1188,1189,38],"class_list":["post-47317","post","type-post","status-publish","format-standard","hentry","category-noticias-em-destaque","tag-andre-figueiredo","tag-ciencia-e-tecnologia-do-ceara","tag-desenvolvimento","tag-educacao","tag-ensino-qualificado","tag-instituto-federal-de-educacao","tag-pdt"],"acf":[],"_links":{"self":[{"href":"https:\/\/pdt-rj.org.br\/index.php\/wp-json\/wp\/v2\/posts\/47317","targetHints":{"allow":["GET"]}}],"collection":[{"href":"https:\/\/pdt-rj.org.br\/index.php\/wp-json\/wp\/v2\/posts"}],"about":[{"href":"https:\/\/pdt-rj.org.br\/index.php\/wp-json\/wp\/v2\/types\/post"}],"author":[{"embeddable":true,"href":"https:\/\/pdt-rj.org.br\/index.php\/wp-json\/wp\/v2\/users\/17"}],"replies":[{"embeddable":true,"href":"https:\/\/pdt-rj.org.br\/index.php\/wp-json\/wp\/v2\/comments?post=47317"}],"version-history":[{"count":1,"href":"https:\/\/pdt-rj.org.br\/index.php\/wp-json\/wp\/v2\/posts\/47317\/revisions"}],"predecessor-version":[{"id":56237,"href":"https:\/\/pdt-rj.org.br\/index.php\/wp-json\/wp\/v2\/posts\/47317\/revisions\/56237"}],"wp:attachment":[{"href":"https:\/\/pdt-rj.org.br\/index.php\/wp-json\/wp\/v2\/media?parent=47317"}],"wp:term":[{"taxonomy":"category","embeddable":true,"href":"https:\/\/pdt-rj.org.br\/index.php\/wp-json\/wp\/v2\/categories?post=47317"},{"taxonomy":"post_tag","embeddable":true,"href":"https:\/\/pdt-rj.org.br\/index.php\/wp-json\/wp\/v2\/tags?post=47317"}],"curies":[{"name":"wp","href":"https:\/\/api.w.org\/{rel}","templated":true}]}}