{"id":47300,"date":"2016-08-19T19:55:39","date_gmt":"2016-08-19T22:55:39","guid":{"rendered":"http:\/\/pdt-rj.org.br\/?p=47300"},"modified":"2016-08-19T19:55:39","modified_gmt":"2016-08-19T22:55:39","slug":"lupi-e-ciro-percorrem-o-piaui-nesta-quinta-feira-para-apoiar-candidaturas","status":"publish","type":"post","link":"https:\/\/pdt-rj.org.br\/index.php\/lupi-e-ciro-percorrem-o-piaui-nesta-quinta-feira-para-apoiar-candidaturas\/","title":{"rendered":"Lupi e Ciro percorrem o Piau\u00ed nesta sexta-feira para apoiar candidaturas"},"content":{"rendered":"<p><img loading=\"lazy\" decoding=\"async\" class=\"alignnone size-medium wp-image-47305 alignleft\" src=\"http:\/\/pdt-rj.org.br\/wp-content\/uploads\/2016\/08\/Pupi-e-Ciro-percorrem-Piau\u00ed-nesta-quinta-feira-19-300x225.jpeg\" alt=\"Pupi  e Ciro percorrem Piau\u00ed nesta quinta-feira, 19\" width=\"300\" height=\"225\" srcset=\"https:\/\/pdt-rj.org.br\/wp-content\/uploads\/2016\/08\/Pupi-e-Ciro-percorrem-Piau\u00ed-nesta-quinta-feira-19-300x225.jpeg 300w, https:\/\/pdt-rj.org.br\/wp-content\/uploads\/2016\/08\/Pupi-e-Ciro-percorrem-Piau\u00ed-nesta-quinta-feira-19-100x75.jpeg 100w, https:\/\/pdt-rj.org.br\/wp-content\/uploads\/2016\/08\/Pupi-e-Ciro-percorrem-Piau\u00ed-nesta-quinta-feira-19-768x576.jpeg 768w, https:\/\/pdt-rj.org.br\/wp-content\/uploads\/2016\/08\/Pupi-e-Ciro-percorrem-Piau\u00ed-nesta-quinta-feira-19.jpeg 1024w, https:\/\/pdt-rj.org.br\/wp-content\/uploads\/2016\/08\/Pupi-e-Ciro-percorrem-Piau\u00ed-nesta-quinta-feira-19-120x90.jpeg 120w\" sizes=\"auto, (max-width: 300px) 100vw, 300px\" \/>O presidente nacional do PDT, Carlos Lupi e o ex-ministro <a href=\"https:\/\/www.facebook.com\/cirogomes.ceara?fref=ts\"><strong>Ciro Gomes<\/strong><\/a> percorreram o Piau\u00ed, nesta sexta-feira (19), para refor\u00e7ar as campanhas de pedetistas e candidatos das coliga\u00e7\u00f5es do partido no estado. O presidente regional do PDT, Fl\u00e1vio Nogueira, tamb\u00e9m participou dos atos.<\/p>\n<p>Em Piripiri, Lupi, Ciro e o governador do estado Wellington Dias acompanharam a candidata J\u00f4ve Oliveira em caminhada pelo centro da cidade. Mais tarde, foi a vez de Floriano, onde o pedetista Didi da Nunes disputa o pleito para prefeito.<\/p>\n<p>De acordo com Lupi, a miss\u00e3o do PDT \u00e9 dobrar o n\u00famero de prefeitos em todo o pa\u00eds chegando a mais de 600 gestores municipais.<\/p>\n<p>&#8220;Nessa elei\u00e7\u00e3o municipal vamos fazer uma preliminar da elei\u00e7\u00e3o nacional. Hoje vamos levar o nosso candidato a presidente Ciro Gomes, aproveitando para colocar em discuss\u00e3o um debate sobre um programa para o Brasil em 2018, com uma vis\u00e3o estrat\u00e9gica de um pa\u00eds que precisa voltar a crescer, se desenvolver para gerar emprego e renda, melhorando a Sa\u00fade e Educa\u00e7\u00e3o, que s\u00e3o as nossas bases principais&#8221;, disse Lupi.<\/p>\n<p>Por fim, Lupi e Ciro seguiram para Teresina, onde encerram a agenda pol\u00edtica no estado. Na capital piauiense, Ciro concedeu <strong><a href=\"Por%20fim,%20Lupi%20e%20Ciro%20seguiram%20para%20Teresina,%20onde%20encerram%20a%20agenda%20no%20estado.%20Na%20capital%20piauiense,%20Ciro%20concedeu%20entrevista%20\u00e0%20TV%20Rio%20Verde,%20onde%20falou%20sobre%20sua%20candidatura%20\u00e0%20presidente%20da%20Rep\u00fablica%20em%202018.\">entrevista<\/a> <\/strong>\u00e0 TV Rio Verde, onde falou sobre sua candidatura \u00e0 presidente da Rep\u00fablica em 2018.<\/p>\n<!-- AddThis Advanced Settings generic via filter on the_content --><!-- AddThis Share Buttons generic via filter on the_content -->","protected":false},"excerpt":{"rendered":"<p>O presidente nacional do PDT, Carlos Lupi e o ex-ministro Ciro Gomes percorreram o Piau\u00ed, nesta sexta-feira (19), para refor\u00e7ar as campanhas de pedetistas e candidatos das coliga\u00e7\u00f5es do partido no estado. O presidente regional do PDT, Fl\u00e1vio Nogueira, tamb\u00e9m participou dos atos. Em Piripiri, Lupi, Ciro e o governador do estado Wellington Dias acompanharam&#8230;<!-- AddThis Advanced Settings generic via filter on wp_trim_excerpt --><!-- AddThis Share Buttons generic via filter on wp_trim_excerpt --><\/p>\n","protected":false},"author":17,"featured_media":0,"comment_status":"closed","ping_status":"open","sticky":false,"template":"","format":"standard","meta":{"_monsterinsights_skip_tracking":false,"_monsterinsights_sitenote_active":false,"_monsterinsights_sitenote_note":"","_monsterinsights_sitenote_category":0,"_uf_show_specific_survey":0,"_uf_disable_surveys":false,"footnotes":""},"categories":[1402],"tags":[1062,196,220,344,407,38],"class_list":["post-47300","post","type-post","status-publish","format-standard","hentry","category-cidades","tag-candidatos","tag-carlos-lupi","tag-ciro-gomes","tag-eleicoes","tag-flavio-nogueira","tag-pdt"],"acf":[],"_links":{"self":[{"href":"https:\/\/pdt-rj.org.br\/index.php\/wp-json\/wp\/v2\/posts\/47300","targetHints":{"allow":["GET"]}}],"collection":[{"href":"https:\/\/pdt-rj.org.br\/index.php\/wp-json\/wp\/v2\/posts"}],"about":[{"href":"https:\/\/pdt-rj.org.br\/index.php\/wp-json\/wp\/v2\/types\/post"}],"author":[{"embeddable":true,"href":"https:\/\/pdt-rj.org.br\/index.php\/wp-json\/wp\/v2\/users\/17"}],"replies":[{"embeddable":true,"href":"https:\/\/pdt-rj.org.br\/index.php\/wp-json\/wp\/v2\/comments?post=47300"}],"version-history":[{"count":0,"href":"https:\/\/pdt-rj.org.br\/index.php\/wp-json\/wp\/v2\/posts\/47300\/revisions"}],"wp:attachment":[{"href":"https:\/\/pdt-rj.org.br\/index.php\/wp-json\/wp\/v2\/media?parent=47300"}],"wp:term":[{"taxonomy":"category","embeddable":true,"href":"https:\/\/pdt-rj.org.br\/index.php\/wp-json\/wp\/v2\/categories?post=47300"},{"taxonomy":"post_tag","embeddable":true,"href":"https:\/\/pdt-rj.org.br\/index.php\/wp-json\/wp\/v2\/tags?post=47300"}],"curies":[{"name":"wp","href":"https:\/\/api.w.org\/{rel}","templated":true}]}}