{"id":47282,"date":"2016-08-19T12:55:16","date_gmt":"2016-08-19T15:55:16","guid":{"rendered":"http:\/\/pdt-rj.org.br\/?p=47282"},"modified":"2017-10-26T09:07:48","modified_gmt":"2017-10-26T11:07:48","slug":"roberto-claudio-participa-de-carreata-no-bairro-democrito-rocha","status":"publish","type":"post","link":"https:\/\/pdt-rj.org.br\/index.php\/roberto-claudio-participa-de-carreata-no-bairro-democrito-rocha\/","title":{"rendered":"Roberto Cl\u00e1udio re\u00fane centenas de pessoas durante carreata em Fortaleza"},"content":{"rendered":"<p><img loading=\"lazy\" decoding=\"async\" class=\"alignnone size-medium wp-image-47283 alignright\" src=\"http:\/\/pdt-rj.org.br\/wp-content\/uploads\/2016\/08\/18.08-Roberto-Cl\u00e1udio-carreata-no-Dem\u00f3crito-Rocha-2-300x200.jpg\" alt=\"18.08 - Roberto Cl\u00e1udio - carreata no Dem\u00f3crito Rocha (2)\" width=\"300\" height=\"200\" srcset=\"https:\/\/pdt-rj.org.br\/wp-content\/uploads\/2016\/08\/18.08-Roberto-Cl\u00e1udio-carreata-no-Dem\u00f3crito-Rocha-2-300x200.jpg 300w, https:\/\/pdt-rj.org.br\/wp-content\/uploads\/2016\/08\/18.08-Roberto-Cl\u00e1udio-carreata-no-Dem\u00f3crito-Rocha-2-100x67.jpg 100w, https:\/\/pdt-rj.org.br\/wp-content\/uploads\/2016\/08\/18.08-Roberto-Cl\u00e1udio-carreata-no-Dem\u00f3crito-Rocha-2-768x512.jpg 768w, https:\/\/pdt-rj.org.br\/wp-content\/uploads\/2016\/08\/18.08-Roberto-Cl\u00e1udio-carreata-no-Dem\u00f3crito-Rocha-2.jpg 1024w, https:\/\/pdt-rj.org.br\/wp-content\/uploads\/2016\/08\/18.08-Roberto-Cl\u00e1udio-carreata-no-Dem\u00f3crito-Rocha-2-135x90.jpg 135w\" sizes=\"auto, (max-width: 300px) 100vw, 300px\" \/>Centenas de pessoas participaram de uma carreata no bairro Dem\u00f3crito Rocha, na noite dessa quinta-feira (18), durante atividade de campanha do prefeito Roberto Cl\u00e1udio (PDT), candidato \u00e0 reelei\u00e7\u00e3o pela coliga\u00e7\u00e3o &#8220;Fortaleza s\u00f3 tem a ganhar&#8221;. Junto aos moradores, Roberto Cl\u00e1udio passou por grandes interven\u00e7\u00f5es realizadas no bairro durante a atual gest\u00e3o.<\/p>\n<p>O prefeito reafirmou o compromisso de entregar outras grandes melhorias para a cidade de Fortaleza.<\/p>\n<p>&#8220;H\u00e1 tr\u00eas anos e meio, come\u00e7amos uma grande batalha em Fortaleza. Foi preciso organizar a casa e colocar novas ideias para funcionar. Realizamos diversas melhorias, como Bilhete \u00danico, Escolas de Tempo Integral, novas pra\u00e7as, Areninhas, creches, postos de sa\u00fade, policl\u00ednica, viadutos, t\u00faneis e ciclofaixas. Mesmo a gente tendo feito tudo isso, ainda falta muito para a cidade. Tenho consci\u00eancia de que, se eu tiver mais quatro anos, vamos fazer ainda mais e melhor&#8221;, explicou.<\/p>\n<p><strong>Melhorias no bairro<\/strong><\/p>\n<p>Para a operadora de telemarketing Nat\u00e1lia Pereira, muita mudan\u00e7a j\u00e1 \u00e9 vis\u00edvel no bairro. &#8220;A gest\u00e3o de Roberto Cl\u00e1udio est\u00e1 surpreendendo. Vejo as pracinhas reformadas, a Areninha do Rodolfo Te\u00f3filo bem equipada e lotada de jovens, os postos de sa\u00fade funcionando e o povo sendo bem atendido. Tenho certeza de que a cidade s\u00f3 vai melhorar mais ainda com ele&#8221;, disse.<\/p>\n<p>Durante a atual gest\u00e3o do prefeito Roberto Cl\u00e1udio, diversas interven\u00e7\u00f5es beneficiaram os moradores do Dem\u00f3crito Rocha: tr\u00eas bin\u00e1rios \u2013 para melhorar o fluxo dos ve\u00edculos \u2013, troca de luz amarela por luz branca, requalifica\u00e7\u00e3o vi\u00e1ria com novo asfalto em diversas ruas e instala\u00e7\u00e3o de ciclofaixas.<\/p>\n<p>Al\u00e9m disso, um posto de sa\u00fade foi reformado e recebeu novo padr\u00e3o de atendimento, proporcionando melhor acolhimento \u00e0 popula\u00e7\u00e3o, e quatro pra\u00e7as foram requalificadas, com instala\u00e7\u00e3o de Academia ao Ar Livre e parque infantil.<\/p>\n<!-- AddThis Advanced Settings generic via filter on the_content --><!-- AddThis Share Buttons generic via filter on the_content -->","protected":false},"excerpt":{"rendered":"<p>Centenas de pessoas participaram de uma carreata no bairro Dem\u00f3crito Rocha, na noite dessa quinta-feira (18), durante atividade de campanha do prefeito Roberto Cl\u00e1udio (PDT), candidato \u00e0 reelei\u00e7\u00e3o pela coliga\u00e7\u00e3o &#8220;Fortaleza s\u00f3 tem a ganhar&#8221;. Junto aos moradores, Roberto Cl\u00e1udio passou por grandes interven\u00e7\u00f5es realizadas no bairro durante a atual gest\u00e3o. O prefeito reafirmou o&#8230;<!-- AddThis Advanced Settings generic via filter on wp_trim_excerpt --><!-- AddThis Share Buttons generic via filter on wp_trim_excerpt --><\/p>\n","protected":false},"author":17,"featured_media":0,"comment_status":"closed","ping_status":"open","sticky":false,"template":"","format":"standard","meta":{"_monsterinsights_skip_tracking":false,"_monsterinsights_sitenote_active":false,"_monsterinsights_sitenote_note":"","_monsterinsights_sitenote_category":0,"_uf_show_specific_survey":0,"_uf_disable_surveys":false,"footnotes":""},"categories":[976],"tags":[38,811,836],"class_list":["post-47282","post","type-post","status-publish","format-standard","hentry","category-noticias-em-destaque","tag-pdt","tag-reeleicao","tag-roberto-claudio"],"acf":[],"_links":{"self":[{"href":"https:\/\/pdt-rj.org.br\/index.php\/wp-json\/wp\/v2\/posts\/47282","targetHints":{"allow":["GET"]}}],"collection":[{"href":"https:\/\/pdt-rj.org.br\/index.php\/wp-json\/wp\/v2\/posts"}],"about":[{"href":"https:\/\/pdt-rj.org.br\/index.php\/wp-json\/wp\/v2\/types\/post"}],"author":[{"embeddable":true,"href":"https:\/\/pdt-rj.org.br\/index.php\/wp-json\/wp\/v2\/users\/17"}],"replies":[{"embeddable":true,"href":"https:\/\/pdt-rj.org.br\/index.php\/wp-json\/wp\/v2\/comments?post=47282"}],"version-history":[{"count":1,"href":"https:\/\/pdt-rj.org.br\/index.php\/wp-json\/wp\/v2\/posts\/47282\/revisions"}],"predecessor-version":[{"id":56236,"href":"https:\/\/pdt-rj.org.br\/index.php\/wp-json\/wp\/v2\/posts\/47282\/revisions\/56236"}],"wp:attachment":[{"href":"https:\/\/pdt-rj.org.br\/index.php\/wp-json\/wp\/v2\/media?parent=47282"}],"wp:term":[{"taxonomy":"category","embeddable":true,"href":"https:\/\/pdt-rj.org.br\/index.php\/wp-json\/wp\/v2\/categories?post=47282"},{"taxonomy":"post_tag","embeddable":true,"href":"https:\/\/pdt-rj.org.br\/index.php\/wp-json\/wp\/v2\/tags?post=47282"}],"curies":[{"name":"wp","href":"https:\/\/api.w.org\/{rel}","templated":true}]}}