{"id":47245,"date":"2016-08-18T15:14:15","date_gmt":"2016-08-18T18:14:15","guid":{"rendered":"http:\/\/pdt-rj.org.br\/?p=47245"},"modified":"2017-10-26T09:07:49","modified_gmt":"2017-10-26T11:07:49","slug":"mario-heringer-e-o-novo-secretario-de-relacoes-internacionais-da-camara","status":"publish","type":"post","link":"https:\/\/pdt-rj.org.br\/index.php\/mario-heringer-e-o-novo-secretario-de-relacoes-internacionais-da-camara\/","title":{"rendered":"M\u00e1rio Heringer \u00e9 o novo Secret\u00e1rio de Rela\u00e7\u00f5es Internacionais da C\u00e2mara"},"content":{"rendered":"<p><img loading=\"lazy\" decoding=\"async\" class=\"alignnone size-medium wp-image-47248 alignright\" src=\"http:\/\/pdt-rj.org.br\/wp-content\/uploads\/2016\/08\/M\u00e1rio-Heringer-14-1024x680-300x199.jpg\" alt=\"M\u00e1rio-Heringer-14-1024x680\" width=\"300\" height=\"199\" srcset=\"https:\/\/pdt-rj.org.br\/wp-content\/uploads\/2016\/08\/M\u00e1rio-Heringer-14-1024x680-300x199.jpg 300w, https:\/\/pdt-rj.org.br\/wp-content\/uploads\/2016\/08\/M\u00e1rio-Heringer-14-1024x680-100x66.jpg 100w, https:\/\/pdt-rj.org.br\/wp-content\/uploads\/2016\/08\/M\u00e1rio-Heringer-14-1024x680-768x510.jpg 768w, https:\/\/pdt-rj.org.br\/wp-content\/uploads\/2016\/08\/M\u00e1rio-Heringer-14-1024x680.jpg 1024w, https:\/\/pdt-rj.org.br\/wp-content\/uploads\/2016\/08\/M\u00e1rio-Heringer-14-1024x680-136x90.jpg 136w\" sizes=\"auto, (max-width: 300px) 100vw, 300px\" \/>O deputado federal <strong><a href=\"https:\/\/www.facebook.com\/mario.heringer?fref=ts\">M\u00e1rio Heringer<\/a><\/strong>, do PDT mineiro, foi nomeado nessa ter\u00e7a-feira (16) pelo presidente da C\u00e2mara, Rodrigo Maia, para ocupar a Secretaria de Rela\u00e7\u00f5es Internacionais da Casa.<\/p>\n<p>A Secretaria de Rela\u00e7\u00f5es Internacionais da C\u00e2mara \u00e9 vinculada diretamente \u00e0 Presid\u00eancia da C\u00e2mara e cabe a ela estabelecer as diretrizes da diplomacia parlamentar da Casa, promover a coopera\u00e7\u00e3o com parlamentos de Estados estrangeiros e apoiar as delega\u00e7\u00f5es, comitivas e representa\u00e7\u00f5es da C\u00e2mara em miss\u00e3o oficial. Fazem parte de sua estrutura a\u00a0Assessoria Internacional e Cerimonial da Presid\u00eancia da C\u00e2mara.<\/p>\n<p>M\u00e1rio Heringer \u00e9 m\u00e9dico e est\u00e1 em seu quarto mandato. Considerado um grande articulador pol\u00edtico, ele\u00a0participou na discuss\u00e3o do Programa Mais M\u00e9dicos.<\/p>\n<!-- AddThis Advanced Settings generic via filter on the_content --><!-- AddThis Share Buttons generic via filter on the_content -->","protected":false},"excerpt":{"rendered":"<p>O deputado federal M\u00e1rio Heringer, do PDT mineiro, foi nomeado nessa ter\u00e7a-feira (16) pelo presidente da C\u00e2mara, Rodrigo Maia, para ocupar a Secretaria de Rela\u00e7\u00f5es Internacionais da Casa. A Secretaria de Rela\u00e7\u00f5es Internacionais da C\u00e2mara \u00e9 vinculada diretamente \u00e0 Presid\u00eancia da C\u00e2mara e cabe a ela estabelecer as diretrizes da diplomacia parlamentar da Casa, promover&#8230;<!-- AddThis Advanced Settings generic via filter on wp_trim_excerpt --><!-- AddThis Share Buttons generic via filter on wp_trim_excerpt --><\/p>\n","protected":false},"author":17,"featured_media":0,"comment_status":"closed","ping_status":"open","sticky":false,"template":"","format":"standard","meta":{"_monsterinsights_skip_tracking":false,"_monsterinsights_sitenote_active":false,"_monsterinsights_sitenote_note":"","_monsterinsights_sitenote_category":0,"_uf_show_specific_survey":0,"_uf_disable_surveys":false,"footnotes":""},"categories":[976],"tags":[1175,38,1176],"class_list":["post-47245","post","type-post","status-publish","format-standard","hentry","category-noticias-em-destaque","tag-mario-heringer","tag-pdt","tag-secretaria-de-relacoes-internacionais"],"acf":[],"_links":{"self":[{"href":"https:\/\/pdt-rj.org.br\/index.php\/wp-json\/wp\/v2\/posts\/47245","targetHints":{"allow":["GET"]}}],"collection":[{"href":"https:\/\/pdt-rj.org.br\/index.php\/wp-json\/wp\/v2\/posts"}],"about":[{"href":"https:\/\/pdt-rj.org.br\/index.php\/wp-json\/wp\/v2\/types\/post"}],"author":[{"embeddable":true,"href":"https:\/\/pdt-rj.org.br\/index.php\/wp-json\/wp\/v2\/users\/17"}],"replies":[{"embeddable":true,"href":"https:\/\/pdt-rj.org.br\/index.php\/wp-json\/wp\/v2\/comments?post=47245"}],"version-history":[{"count":1,"href":"https:\/\/pdt-rj.org.br\/index.php\/wp-json\/wp\/v2\/posts\/47245\/revisions"}],"predecessor-version":[{"id":56240,"href":"https:\/\/pdt-rj.org.br\/index.php\/wp-json\/wp\/v2\/posts\/47245\/revisions\/56240"}],"wp:attachment":[{"href":"https:\/\/pdt-rj.org.br\/index.php\/wp-json\/wp\/v2\/media?parent=47245"}],"wp:term":[{"taxonomy":"category","embeddable":true,"href":"https:\/\/pdt-rj.org.br\/index.php\/wp-json\/wp\/v2\/categories?post=47245"},{"taxonomy":"post_tag","embeddable":true,"href":"https:\/\/pdt-rj.org.br\/index.php\/wp-json\/wp\/v2\/tags?post=47245"}],"curies":[{"name":"wp","href":"https:\/\/api.w.org\/{rel}","templated":true}]}}