{"id":47226,"date":"2016-08-17T19:19:05","date_gmt":"2016-08-17T22:19:05","guid":{"rendered":"http:\/\/pdt-rj.org.br\/?p=47226"},"modified":"2017-10-26T09:07:49","modified_gmt":"2017-10-26T11:07:49","slug":"moradores-do-tancredo-neves-reafirmam-apoio-a-reeleicao-do-candidato-a-prefeito-roberto-claudio","status":"publish","type":"post","link":"https:\/\/pdt-rj.org.br\/index.php\/moradores-do-tancredo-neves-reafirmam-apoio-a-reeleicao-do-candidato-a-prefeito-roberto-claudio\/","title":{"rendered":"Moradores de Fortaleza reafirmam apoio \u00e0 reelei\u00e7\u00e3o do prefeito Roberto Cl\u00e1udio"},"content":{"rendered":"<p>O prefeito <strong><a href=\"https:\/\/www.facebook.com\/groups\/1426268361029659\/?fref=ts\">Roberto Cl\u00e1udio<\/a><\/strong> (PDT), candidato \u00e0 reelei\u00e7\u00e3o pela coliga\u00e7\u00e3o &#8220;Fortaleza s\u00f3 tem a ganhar&#8221;, caminhou, nesta quarta-feira (17\/8), pelas ruas do bairro Tancredo Neves. O candidato recebeu o agradecimento da popula\u00e7\u00e3o, que comemora a requalifica\u00e7\u00e3o de 46 ruas, com drenagem, sinaliza\u00e7\u00e3o e nova ilumina\u00e7\u00e3o em luz branca. Moradores tamb\u00e9m demonstraram satisfa\u00e7\u00e3o pela Academia ao Ar Livre e um parque infantil instalados na pra\u00e7a do bairro.<\/p>\n<p>Segundo Roberto Cl\u00e1udio, ainda este ano, a comunidade do Tancredo Neves receber\u00e1 o Posto de Sa\u00fade Maria de Lourdes Jereissati totalmente reformado. Ele tamb\u00e9m aproveitou para apresentar aos moradores os avan\u00e7os da gest\u00e3o. &#8220;Garantimos ao trabalhador o direito ao Bilhete \u00danico para o ir e vir mais r\u00e1pido e mais barato. Tamb\u00e9m implantamos as faixas exclusivas de \u00f4nibus para o povo trabalhador e estudantes chegarem mais r\u00e1pido em casa. Implantamos pra\u00e7as, areninhas e bin\u00e1rios&#8221;, enumerou.<\/p>\n<p>Roberto Cl\u00e1udio tamb\u00e9m pediu a confian\u00e7a da popula\u00e7\u00e3o, afirmando que h\u00e1 ainda muito a ser feito pela cidade, e ressaltou os avan\u00e7os que a cidade conquistou nesses tr\u00eas anos e meio. &#8220;Com a casa organizada e muito mais conhecedor da realidade de Fortaleza, vou poder fazer muito mais e melhor por nossa cidade&#8221;, afirmou.<\/p>\n<p>Ao caminhar pelas ruas e avenidas, o candidato \u00e0 reelei\u00e7\u00e3o ouviu moradores, que agradeceram e pediram novas melhorias para o Tancredo Neves. A cabeleireira Eliz\u00e2ngela Vieira de Moura disse que as ruas do bairro est\u00e3o bem melhores com o novo asfalto e a nova ilumina\u00e7\u00e3o.<\/p>\n<p>O candidato Roberto Cl\u00e1udio re\u00fane o maior n\u00famero de partidos para as elei\u00e7\u00f5es deste ano na Capital. A coliga\u00e7\u00e3o &#8220;Fortaleza s\u00f3 tem a ganhar&#8221; re\u00fane 18 partidos: PP, PDT, PTB, PSL, PTN, PSC, PPS, DEM, PSDC, PRTB, PMB, PTC, PV, PEN, PPL, PSD, PCdoB e Pros.<\/p>\n<p>Agenda<br \/>Ainda nesta quarta-feira (17\/8), a partir das 19h30, o candidato Roberto Cl\u00e1udio participa de mini carreata na Grande Messejana.<\/p>\n<!-- AddThis Advanced Settings generic via filter on the_content --><!-- AddThis Share Buttons generic via filter on the_content -->","protected":false},"excerpt":{"rendered":"<p>O prefeito Roberto Cl\u00e1udio (PDT), candidato \u00e0 reelei\u00e7\u00e3o pela coliga\u00e7\u00e3o &#8220;Fortaleza s\u00f3 tem a ganhar&#8221;, caminhou, nesta quarta-feira (17\/8), pelas ruas do bairro Tancredo Neves. O candidato recebeu o agradecimento da popula\u00e7\u00e3o, que comemora a requalifica\u00e7\u00e3o de 46 ruas, com drenagem, sinaliza\u00e7\u00e3o e nova ilumina\u00e7\u00e3o em luz branca. Moradores tamb\u00e9m demonstraram satisfa\u00e7\u00e3o pela Academia ao&#8230;<!-- AddThis Advanced Settings generic via filter on wp_trim_excerpt --><!-- AddThis Share Buttons generic via filter on wp_trim_excerpt --><\/p>\n","protected":false},"author":17,"featured_media":0,"comment_status":"closed","ping_status":"open","sticky":false,"template":"","format":"standard","meta":{"_monsterinsights_skip_tracking":false,"_monsterinsights_sitenote_active":false,"_monsterinsights_sitenote_note":"","_monsterinsights_sitenote_category":0,"_uf_show_specific_survey":0,"_uf_disable_surveys":false,"footnotes":""},"categories":[976],"tags":[38,811,836],"class_list":["post-47226","post","type-post","status-publish","format-standard","hentry","category-noticias-em-destaque","tag-pdt","tag-reeleicao","tag-roberto-claudio"],"acf":[],"_links":{"self":[{"href":"https:\/\/pdt-rj.org.br\/index.php\/wp-json\/wp\/v2\/posts\/47226","targetHints":{"allow":["GET"]}}],"collection":[{"href":"https:\/\/pdt-rj.org.br\/index.php\/wp-json\/wp\/v2\/posts"}],"about":[{"href":"https:\/\/pdt-rj.org.br\/index.php\/wp-json\/wp\/v2\/types\/post"}],"author":[{"embeddable":true,"href":"https:\/\/pdt-rj.org.br\/index.php\/wp-json\/wp\/v2\/users\/17"}],"replies":[{"embeddable":true,"href":"https:\/\/pdt-rj.org.br\/index.php\/wp-json\/wp\/v2\/comments?post=47226"}],"version-history":[{"count":1,"href":"https:\/\/pdt-rj.org.br\/index.php\/wp-json\/wp\/v2\/posts\/47226\/revisions"}],"predecessor-version":[{"id":56241,"href":"https:\/\/pdt-rj.org.br\/index.php\/wp-json\/wp\/v2\/posts\/47226\/revisions\/56241"}],"wp:attachment":[{"href":"https:\/\/pdt-rj.org.br\/index.php\/wp-json\/wp\/v2\/media?parent=47226"}],"wp:term":[{"taxonomy":"category","embeddable":true,"href":"https:\/\/pdt-rj.org.br\/index.php\/wp-json\/wp\/v2\/categories?post=47226"},{"taxonomy":"post_tag","embeddable":true,"href":"https:\/\/pdt-rj.org.br\/index.php\/wp-json\/wp\/v2\/tags?post=47226"}],"curies":[{"name":"wp","href":"https:\/\/api.w.org\/{rel}","templated":true}]}}