{"id":47207,"date":"2016-08-17T19:09:48","date_gmt":"2016-08-17T22:09:48","guid":{"rendered":"http:\/\/pdt-rj.org.br\/?p=47207"},"modified":"2017-10-26T09:07:49","modified_gmt":"2017-10-26T11:07:49","slug":"edivaldo-holanda-inicia-campanha-em-encontro-com-liderancas-evangelicas","status":"publish","type":"post","link":"https:\/\/pdt-rj.org.br\/index.php\/edivaldo-holanda-inicia-campanha-em-encontro-com-liderancas-evangelicas\/","title":{"rendered":"Edivaldo Holanda inicia campanha em encontro com lideran\u00e7as evang\u00e9licas"},"content":{"rendered":"<p>Ora\u00e7\u00e3o e ben\u00e7\u00e3o para iniciar uma campanha eleitoral vitoriosa. Esse foi o objetivo do encontro do prefeito de S\u00e3o Lu\u00eds, <strong><a href=\"https:\/\/www.facebook.com\/EdivaldoHolandaJunior\/?fref=ts\">Edivaldo Holanda Ju<\/a><\/strong>nior (PDT), candidato \u00e0 reelei\u00e7\u00e3o, com o Movimento das Mulheres Crist\u00e3s do PTC. Realizado nessa ter\u00e7a-feira (16), na sede do PTC (Cohafuma), o evento teve a presen\u00e7a do vice na chapa, J\u00falio Pinheiro, militantes pedetistas, pastores, lideran\u00e7as comunit\u00e1rias e candidatos da legenda.<\/p>\n<p>Para Edivaldo Holanda, a oportunidade de receber ora\u00e7\u00f5es do Movimento das Mulheres Crist\u00e3s do PTC \u00e9 fundamental para o processo eleitoral, para que a campanha se desenvolva tranquila e de forma limpa, com mais propostas e menos ofensas.<\/p>\n<p>&#8220;S\u00e3o quase quatro anos de b\u00ean\u00e7\u00e3os e a\u00e7\u00f5es, apesar das dificuldades. E nesse momento entregamos nosso projeto de reelei\u00e7\u00e3o diante de Deus para que Ele caminhe junto com a gente&#8221;.<\/p>\n<p>Segundo uma das coordenadoras do evento, Telma Pinheiro, o encontro refor\u00e7a a inten\u00e7\u00e3o das lideran\u00e7as crist\u00e3s pela continuidade do candidato Edivaldo \u00e0 frente da Prefeitura de S\u00e3o Lu\u00eds.<\/p>\n<p>&#8220;Que Deus o aben\u00e7oe e opera para Edivaldo continuar no Poder Municipal&#8221;, enfatizou. &#8220;Edivaldo \u00e9 crist\u00e3o, leal. Deus estar\u00e1 contigo e lhe dar\u00e1 a vit\u00f3ria&#8221;, disse a irm\u00e3 Fernanda, respons\u00e1vel pela ora\u00e7\u00e3o.<\/p>\n<!-- AddThis Advanced Settings generic via filter on the_content --><!-- AddThis Share Buttons generic via filter on the_content -->","protected":false},"excerpt":{"rendered":"<p>Ora\u00e7\u00e3o e ben\u00e7\u00e3o para iniciar uma campanha eleitoral vitoriosa. Esse foi o objetivo do encontro do prefeito de S\u00e3o Lu\u00eds, Edivaldo Holanda Junior (PDT), candidato \u00e0 reelei\u00e7\u00e3o, com o Movimento das Mulheres Crist\u00e3s do PTC. Realizado nessa ter\u00e7a-feira (16), na sede do PTC (Cohafuma), o evento teve a presen\u00e7a do vice na chapa, J\u00falio Pinheiro,&#8230;<!-- AddThis Advanced Settings generic via filter on wp_trim_excerpt --><!-- AddThis Share Buttons generic via filter on wp_trim_excerpt --><\/p>\n","protected":false},"author":17,"featured_media":0,"comment_status":"closed","ping_status":"open","sticky":false,"template":"","format":"standard","meta":{"_monsterinsights_skip_tracking":false,"_monsterinsights_sitenote_active":false,"_monsterinsights_sitenote_note":"","_monsterinsights_sitenote_category":0,"_uf_show_specific_survey":0,"_uf_disable_surveys":false,"footnotes":""},"categories":[976],"tags":[336,38,811],"class_list":["post-47207","post","type-post","status-publish","format-standard","hentry","category-noticias-em-destaque","tag-edivaldo-holanda-junior","tag-pdt","tag-reeleicao"],"acf":[],"_links":{"self":[{"href":"https:\/\/pdt-rj.org.br\/index.php\/wp-json\/wp\/v2\/posts\/47207","targetHints":{"allow":["GET"]}}],"collection":[{"href":"https:\/\/pdt-rj.org.br\/index.php\/wp-json\/wp\/v2\/posts"}],"about":[{"href":"https:\/\/pdt-rj.org.br\/index.php\/wp-json\/wp\/v2\/types\/post"}],"author":[{"embeddable":true,"href":"https:\/\/pdt-rj.org.br\/index.php\/wp-json\/wp\/v2\/users\/17"}],"replies":[{"embeddable":true,"href":"https:\/\/pdt-rj.org.br\/index.php\/wp-json\/wp\/v2\/comments?post=47207"}],"version-history":[{"count":1,"href":"https:\/\/pdt-rj.org.br\/index.php\/wp-json\/wp\/v2\/posts\/47207\/revisions"}],"predecessor-version":[{"id":56242,"href":"https:\/\/pdt-rj.org.br\/index.php\/wp-json\/wp\/v2\/posts\/47207\/revisions\/56242"}],"wp:attachment":[{"href":"https:\/\/pdt-rj.org.br\/index.php\/wp-json\/wp\/v2\/media?parent=47207"}],"wp:term":[{"taxonomy":"category","embeddable":true,"href":"https:\/\/pdt-rj.org.br\/index.php\/wp-json\/wp\/v2\/categories?post=47207"},{"taxonomy":"post_tag","embeddable":true,"href":"https:\/\/pdt-rj.org.br\/index.php\/wp-json\/wp\/v2\/tags?post=47207"}],"curies":[{"name":"wp","href":"https:\/\/api.w.org\/{rel}","templated":true}]}}