{"id":47193,"date":"2016-08-17T18:10:47","date_gmt":"2016-08-17T21:10:47","guid":{"rendered":"http:\/\/pdt-rj.org.br\/?p=47193"},"modified":"2017-10-26T09:07:49","modified_gmt":"2017-10-26T11:07:49","slug":"gilmar-sossella-comemora-a-aprovacao-de-vila-flores-como-capital-estatual-do-filo","status":"publish","type":"post","link":"https:\/\/pdt-rj.org.br\/index.php\/gilmar-sossella-comemora-a-aprovacao-de-vila-flores-como-capital-estatual-do-filo\/","title":{"rendered":"Gilmar Sossella comemora aprova\u00e7\u00e3o de Vila Flores como capital estadual do Fil\u00f3"},"content":{"rendered":"<p><img loading=\"lazy\" decoding=\"async\" class=\"alignnone size-medium wp-image-47194 alignleft\" src=\"http:\/\/pdt-rj.org.br\/wp-content\/uploads\/2016\/08\/Sossella-CCJ_PL_FILO_05-300x169.jpg\" alt=\"Sossella CCJ_PL_FILO_05\" width=\"300\" height=\"169\" srcset=\"https:\/\/pdt-rj.org.br\/wp-content\/uploads\/2016\/08\/Sossella-CCJ_PL_FILO_05-300x169.jpg 300w, https:\/\/pdt-rj.org.br\/wp-content\/uploads\/2016\/08\/Sossella-CCJ_PL_FILO_05-100x56.jpg 100w, https:\/\/pdt-rj.org.br\/wp-content\/uploads\/2016\/08\/Sossella-CCJ_PL_FILO_05-768x432.jpg 768w, https:\/\/pdt-rj.org.br\/wp-content\/uploads\/2016\/08\/Sossella-CCJ_PL_FILO_05.jpg 1024w, https:\/\/pdt-rj.org.br\/wp-content\/uploads\/2016\/08\/Sossella-CCJ_PL_FILO_05-160x90.jpg 160w\" sizes=\"auto, (max-width: 300px) 100vw, 300px\" \/>O deputado estadual <strong><a href=\"https:\/\/www.facebook.com\/gilmar.sossella\/?fref=ts\">Gilmar Sossella<\/a><\/strong> (PDT-RS) comemorou a aprova\u00e7\u00e3o, por unanimidade, do projeto de <a href=\"http:\/\/www.camara.gov.br\/proposicoesWeb\/fichadetramitacao?idProposicao=947610\">Lei 389\/15<\/a>, de sua autoria, que declara o munic\u00edpio de Vila Flores (RS) como a capital estadual do Fil\u00f3. A an\u00e1lise foi realizada nesta ter\u00e7a-feira (16), na Comiss\u00e3o de Constitui\u00e7\u00e3o e Justi\u00e7a (CCJ) da Assembleia Legislativa do Rio Grande do Sul.<\/p>\n<p>A iniciativa \u00e9 da administra\u00e7\u00e3o do munic\u00edpio, que auxiliou na fundamenta\u00e7\u00e3o da proposta que recebeu parecer favor\u00e1vel do relator, deputado Elton Weber (PSB). Em suas argumenta\u00e7\u00f5es, ele considerou que a iniciativa respeita todos os preceitos legais e jur\u00eddicos.<\/p>\n<p>Agora, o projeto ir\u00e1 para an\u00e1lise na Comiss\u00e3o Educa\u00e7\u00e3o, Cultura, Desporto e Tecnologia da Assembleia Legislativa.<\/p>\n<p>\u201cO Fil\u00f3 de Vila Flores \u00e9 hoje um produto tur\u00edstico que projeta e a cidade e a regi\u00e3o. Queremos agradecer a todos os deputados e ao colega Elton Weber pelo apoio desta iniciativa que faz um resgate hist\u00f3rico de uma cultura t\u00e3o importante para o nosso Estado\u201d, destacou Sossella.<\/p>\n<p><strong>Tradi\u00e7\u00e3o<\/strong><\/p>\n<p>O fil\u00f3 era um costume cultivado pelos imigrantes v\u00eanetos no Rio Grande do Sul, h\u00e1bito trazido com eles da It\u00e1lia. Tratava-se de um momento de descontra\u00e7\u00e3o e de alegria realizados na casa de um vizinho, onde eram servidos itens da gastronomia t\u00edpica, de acordo com a esta\u00e7\u00e3o do ano.<\/p>\n<p>Com o passar dos anos, no entanto, este costume foi se perdendo. Para evitar o esquecimento deste ritual italiano, o munic\u00edpio de Vila Flores passou a resgatar, desde 1994, as tradi\u00e7\u00f5es e costumes dos imigrantes, com o Fil\u00f3 de Vila Flores.<\/p>\n<p>Para que o cen\u00e1rio fosse o mais original poss\u00edvel, uma casa t\u00edpica italiana, do interior do munic\u00edpio, foi restaurada e transportada para um local mais central e de f\u00e1cil acesso da cidade. O im\u00f3vel possui dois andares, sendo que no superior s\u00e3o comercializados os trabalhos manuais feitos por artes\u00e3os do pr\u00f3prio munic\u00edpio. O evento acontece em tr\u00eas principais momentos: o primeiro \u00e9 a recep\u00e7\u00e3o dos visitantes; o segundo \u00e9 a reflex\u00e3o; e o terceiro, a divers\u00e3o.<\/p>\n<!-- AddThis Advanced Settings generic via filter on the_content --><!-- AddThis Share Buttons generic via filter on the_content -->","protected":false},"excerpt":{"rendered":"<p>O deputado estadual Gilmar Sossella (PDT-RS) comemorou a aprova\u00e7\u00e3o, por unanimidade, do projeto de Lei 389\/15, de sua autoria, que declara o munic\u00edpio de Vila Flores (RS) como a capital estadual do Fil\u00f3. A an\u00e1lise foi realizada nesta ter\u00e7a-feira (16), na Comiss\u00e3o de Constitui\u00e7\u00e3o e Justi\u00e7a (CCJ) da Assembleia Legislativa do Rio Grande do Sul&#8230;.<!-- AddThis Advanced Settings generic via filter on wp_trim_excerpt --><!-- AddThis Share Buttons generic via filter on wp_trim_excerpt --><\/p>\n","protected":false},"author":17,"featured_media":0,"comment_status":"closed","ping_status":"open","sticky":false,"template":"","format":"standard","meta":{"_monsterinsights_skip_tracking":false,"_monsterinsights_sitenote_active":false,"_monsterinsights_sitenote_note":"","_monsterinsights_sitenote_category":0,"_uf_show_specific_survey":0,"_uf_disable_surveys":false,"footnotes":""},"categories":[976],"tags":[1171,1172,1173,38,1174],"class_list":["post-47193","post","type-post","status-publish","format-standard","hentry","category-noticias-em-destaque","tag-capital-estadual-do-filo","tag-filo-de-vila-flores","tag-gilmar-sossella","tag-pdt","tag-vila-flores"],"acf":[],"_links":{"self":[{"href":"https:\/\/pdt-rj.org.br\/index.php\/wp-json\/wp\/v2\/posts\/47193","targetHints":{"allow":["GET"]}}],"collection":[{"href":"https:\/\/pdt-rj.org.br\/index.php\/wp-json\/wp\/v2\/posts"}],"about":[{"href":"https:\/\/pdt-rj.org.br\/index.php\/wp-json\/wp\/v2\/types\/post"}],"author":[{"embeddable":true,"href":"https:\/\/pdt-rj.org.br\/index.php\/wp-json\/wp\/v2\/users\/17"}],"replies":[{"embeddable":true,"href":"https:\/\/pdt-rj.org.br\/index.php\/wp-json\/wp\/v2\/comments?post=47193"}],"version-history":[{"count":1,"href":"https:\/\/pdt-rj.org.br\/index.php\/wp-json\/wp\/v2\/posts\/47193\/revisions"}],"predecessor-version":[{"id":56243,"href":"https:\/\/pdt-rj.org.br\/index.php\/wp-json\/wp\/v2\/posts\/47193\/revisions\/56243"}],"wp:attachment":[{"href":"https:\/\/pdt-rj.org.br\/index.php\/wp-json\/wp\/v2\/media?parent=47193"}],"wp:term":[{"taxonomy":"category","embeddable":true,"href":"https:\/\/pdt-rj.org.br\/index.php\/wp-json\/wp\/v2\/categories?post=47193"},{"taxonomy":"post_tag","embeddable":true,"href":"https:\/\/pdt-rj.org.br\/index.php\/wp-json\/wp\/v2\/tags?post=47193"}],"curies":[{"name":"wp","href":"https:\/\/api.w.org\/{rel}","templated":true}]}}