{"id":47190,"date":"2016-08-17T17:57:14","date_gmt":"2016-08-17T20:57:14","guid":{"rendered":"http:\/\/pdt-rj.org.br\/?p=47190"},"modified":"2017-10-26T09:07:49","modified_gmt":"2017-10-26T11:07:49","slug":"flavia-morais-quer-melhorias-do-sinal-de-telefonia-movel-de-municipios-goianos","status":"publish","type":"post","link":"https:\/\/pdt-rj.org.br\/index.php\/flavia-morais-quer-melhorias-do-sinal-de-telefonia-movel-de-municipios-goianos\/","title":{"rendered":"Fl\u00e1via Morais quer melhorias do sinal de telefonia m\u00f3vel de munic\u00edpios goianos"},"content":{"rendered":"<p><img loading=\"lazy\" decoding=\"async\" class=\"alignnone size-medium wp-image-47191 alignright\" src=\"http:\/\/pdt-rj.org.br\/wp-content\/uploads\/2016\/08\/Fl\u00e1via-Morais-300x200.jpg\" alt=\"Fl\u00e1via Morais\" width=\"300\" height=\"200\" srcset=\"https:\/\/pdt-rj.org.br\/wp-content\/uploads\/2016\/08\/Fl\u00e1via-Morais-300x200.jpg 300w, https:\/\/pdt-rj.org.br\/wp-content\/uploads\/2016\/08\/Fl\u00e1via-Morais-100x67.jpg 100w, https:\/\/pdt-rj.org.br\/wp-content\/uploads\/2016\/08\/Fl\u00e1via-Morais-768x511.jpg 768w, https:\/\/pdt-rj.org.br\/wp-content\/uploads\/2016\/08\/Fl\u00e1via-Morais.jpg 1024w, https:\/\/pdt-rj.org.br\/wp-content\/uploads\/2016\/08\/Fl\u00e1via-Morais-135x90.jpg 135w\" sizes=\"auto, (max-width: 300px) 100vw, 300px\" \/>Por entender que a falta de comunica\u00e7\u00e3o m\u00f3vel prejudica os moradores de alguns munic\u00edpios goianos, a deputada <strong><a href=\"https:\/\/www.facebook.com\/DepFlaviaMorais\/?fref=ts\">Fl\u00e1via Morais<\/a><\/strong> (PDT-GO) sugeriu ao Minist\u00e9rio da Ci\u00eancia e Tecnologia, por meio de indica\u00e7\u00e3o, a amplia\u00e7\u00e3o da cobertura de telefonia m\u00f3vel no Estado de Goi\u00e1s.<\/p>\n<p>Fl\u00e1via Morais quer a melhoria dos servi\u00e7os nos munic\u00edpios de Aren\u00f3polis, Muqu\u00e9m, distrito de Niquel\u00e2ndia, \u00a0distrito de Ficol\u00e2ndia, no munic\u00edpio de Amaralina, \u00a0comunidade de Auriverde e Garimpo de Lavras, localizada no munic\u00edpio de Crix\u00e1s, \u00a0distrito de Colina\u00e7\u00fa, localizado no munic\u00edpio de Campinorte, distrito de Domiciano Ribeiro, localizado no munic\u00edpio de Ipameri, distrito de Santa Maria, localizado no munic\u00edpio de Flores e no \u00a0distrito de Ponte Alta, localizado no munic\u00edpio de Montes Claros.<\/p>\n<p>A deputada requer ainda a amplia\u00e7\u00e3o no bairro Setor Ana Rosa, localizado na cidade de Trindade, bem como a melhoria no sistema de transmiss\u00e3o dos sinais nos munic\u00edpios de Mamba\u00ed e Serran\u00f3polis. \u201cA popula\u00e7\u00e3o destas localidades est\u00e1 isolada com a falta do sinal de telefonia m\u00f3vel devido \u00e0 pouca oferta dos servi\u00e7os. Isto impede que os habitantes exer\u00e7am seus direitos de forma plena\u201d.<\/p>\n<!-- AddThis Advanced Settings generic via filter on the_content --><!-- AddThis Share Buttons generic via filter on the_content -->","protected":false},"excerpt":{"rendered":"<p>Por entender que a falta de comunica\u00e7\u00e3o m\u00f3vel prejudica os moradores de alguns munic\u00edpios goianos, a deputada Fl\u00e1via Morais (PDT-GO) sugeriu ao Minist\u00e9rio da Ci\u00eancia e Tecnologia, por meio de indica\u00e7\u00e3o, a amplia\u00e7\u00e3o da cobertura de telefonia m\u00f3vel no Estado de Goi\u00e1s. Fl\u00e1via Morais quer a melhoria dos servi\u00e7os nos munic\u00edpios de Aren\u00f3polis, Muqu\u00e9m, distrito&#8230;<!-- AddThis Advanced Settings generic via filter on wp_trim_excerpt --><!-- AddThis Share Buttons generic via filter on wp_trim_excerpt --><\/p>\n","protected":false},"author":17,"featured_media":0,"comment_status":"closed","ping_status":"open","sticky":false,"template":"","format":"standard","meta":{"_monsterinsights_skip_tracking":false,"_monsterinsights_sitenote_active":false,"_monsterinsights_sitenote_note":"","_monsterinsights_sitenote_category":0,"_uf_show_specific_survey":0,"_uf_disable_surveys":false,"footnotes":""},"categories":[1459,976],"tags":[1169,406,1170,38],"class_list":["post-47190","post","type-post","status-publish","format-standard","hentry","category-congresso","category-noticias-em-destaque","tag-comunicacao-movel","tag-flavia-morais","tag-goias","tag-pdt"],"acf":[],"_links":{"self":[{"href":"https:\/\/pdt-rj.org.br\/index.php\/wp-json\/wp\/v2\/posts\/47190","targetHints":{"allow":["GET"]}}],"collection":[{"href":"https:\/\/pdt-rj.org.br\/index.php\/wp-json\/wp\/v2\/posts"}],"about":[{"href":"https:\/\/pdt-rj.org.br\/index.php\/wp-json\/wp\/v2\/types\/post"}],"author":[{"embeddable":true,"href":"https:\/\/pdt-rj.org.br\/index.php\/wp-json\/wp\/v2\/users\/17"}],"replies":[{"embeddable":true,"href":"https:\/\/pdt-rj.org.br\/index.php\/wp-json\/wp\/v2\/comments?post=47190"}],"version-history":[{"count":1,"href":"https:\/\/pdt-rj.org.br\/index.php\/wp-json\/wp\/v2\/posts\/47190\/revisions"}],"predecessor-version":[{"id":56244,"href":"https:\/\/pdt-rj.org.br\/index.php\/wp-json\/wp\/v2\/posts\/47190\/revisions\/56244"}],"wp:attachment":[{"href":"https:\/\/pdt-rj.org.br\/index.php\/wp-json\/wp\/v2\/media?parent=47190"}],"wp:term":[{"taxonomy":"category","embeddable":true,"href":"https:\/\/pdt-rj.org.br\/index.php\/wp-json\/wp\/v2\/categories?post=47190"},{"taxonomy":"post_tag","embeddable":true,"href":"https:\/\/pdt-rj.org.br\/index.php\/wp-json\/wp\/v2\/tags?post=47190"}],"curies":[{"name":"wp","href":"https:\/\/api.w.org\/{rel}","templated":true}]}}