{"id":47094,"date":"2016-08-16T18:18:01","date_gmt":"2016-08-16T21:18:01","guid":{"rendered":"http:\/\/pdt-rj.org.br\/?p=47094"},"modified":"2017-10-26T09:07:49","modified_gmt":"2017-10-26T11:07:49","slug":"candidato-a-prefeitura-de-campinas-dr-helio-promete-limpeza-na-maquina-publica","status":"publish","type":"post","link":"https:\/\/pdt-rj.org.br\/index.php\/candidato-a-prefeitura-de-campinas-dr-helio-promete-limpeza-na-maquina-publica\/","title":{"rendered":"Candidato \u00e0 Prefeitura de Campinas, Dr. H\u00e9lio promete limpeza na m\u00e1quina p\u00fablica"},"content":{"rendered":"<p><img loading=\"lazy\" decoding=\"async\" class=\"size-medium wp-image-47109 alignleft\" src=\"http:\/\/pdt-rj.org.br\/wp-content\/uploads\/2016\/08\/Dr.-H\u00e9lio-300x164.jpg\" alt=\"Dr. H\u00e9lio\" width=\"300\" height=\"164\" srcset=\"https:\/\/pdt-rj.org.br\/wp-content\/uploads\/2016\/08\/Dr.-H\u00e9lio-300x164.jpg 300w, https:\/\/pdt-rj.org.br\/wp-content\/uploads\/2016\/08\/Dr.-H\u00e9lio-100x55.jpg 100w, https:\/\/pdt-rj.org.br\/wp-content\/uploads\/2016\/08\/Dr.-H\u00e9lio-165x90.jpg 165w, https:\/\/pdt-rj.org.br\/wp-content\/uploads\/2016\/08\/Dr.-H\u00e9lio.jpg 640w\" sizes=\"auto, (max-width: 300px) 100vw, 300px\" \/>O pedetista <a href=\"https:\/\/www.facebook.com\/drhelio1950?fref=ts\">Dr. Helio<\/a> protocolou, no \u00faltimo domingo (14), o registro de sua candidatura a prefeito da cidade de Campinas (SP). Dentre os principais pontos de sua campanha, destacam-se a \u00e1rea da sa\u00fade que, segundo ele, est\u00e1 precarizada, e a promessa de \u201cvarrer os chupins&#8221; da Prefeitura.<\/p>\n<p>Nascido em setembro de 1950, em Corumb\u00e1-MS, migrou para S\u00e3o Paulo. Em 1966, antes de completar 16 anos, se mudou para Campinas. Estudou medicina na Unicamp (especializou-se cirurgi\u00e3o pedi\u00e1trico) e foi professor na Faculdade de Medicina da PUC-Campinas.<\/p>\n<p>H\u00e9lio ataca \u201cinimigos\u201d, mas na campanha vai centrar fogo no atual prefeito, Jonas Donizette (PSB). Diz que a sa\u00fade est\u00e1 um caos e promete fazer uma limpeza na m\u00e1quina p\u00fablica. \u201cVou mandar fazer uma auditoria nas contas e varrer os chupins da prefeitura\u201d.<\/p>\n<p>Leia <strong><a href=\"http:\/\/redeagora.com.br\/noticias\/candidato-a-prefeitura-de-campinas-dr-helio-promete-limpeza-na-maquina-publica\/\">aqui<\/a><\/strong> trechos da entrevista concedida ao Metro Jornal.<\/p>\n<!-- AddThis Advanced Settings generic via filter on the_content --><!-- AddThis Share Buttons generic via filter on the_content -->","protected":false},"excerpt":{"rendered":"<p>O pedetista Dr. Helio protocolou, no \u00faltimo domingo (14), o registro de sua candidatura a prefeito da cidade de Campinas (SP). Dentre os principais pontos de sua campanha, destacam-se a \u00e1rea da sa\u00fade que, segundo ele, est\u00e1 precarizada, e a promessa de \u201cvarrer os chupins&#8221; da Prefeitura. Nascido em setembro de 1950, em Corumb\u00e1-MS, migrou&#8230;<!-- AddThis Advanced Settings generic via filter on wp_trim_excerpt --><!-- AddThis Share Buttons generic via filter on wp_trim_excerpt --><\/p>\n","protected":false},"author":17,"featured_media":0,"comment_status":"closed","ping_status":"open","sticky":false,"template":"","format":"standard","meta":{"_monsterinsights_skip_tracking":false,"_monsterinsights_sitenote_active":false,"_monsterinsights_sitenote_note":"","_monsterinsights_sitenote_category":0,"_uf_show_specific_survey":0,"_uf_disable_surveys":false,"footnotes":""},"categories":[976],"tags":[1164,38],"class_list":["post-47094","post","type-post","status-publish","format-standard","hentry","category-noticias-em-destaque","tag-dr-helio","tag-pdt"],"acf":[],"_links":{"self":[{"href":"https:\/\/pdt-rj.org.br\/index.php\/wp-json\/wp\/v2\/posts\/47094","targetHints":{"allow":["GET"]}}],"collection":[{"href":"https:\/\/pdt-rj.org.br\/index.php\/wp-json\/wp\/v2\/posts"}],"about":[{"href":"https:\/\/pdt-rj.org.br\/index.php\/wp-json\/wp\/v2\/types\/post"}],"author":[{"embeddable":true,"href":"https:\/\/pdt-rj.org.br\/index.php\/wp-json\/wp\/v2\/users\/17"}],"replies":[{"embeddable":true,"href":"https:\/\/pdt-rj.org.br\/index.php\/wp-json\/wp\/v2\/comments?post=47094"}],"version-history":[{"count":1,"href":"https:\/\/pdt-rj.org.br\/index.php\/wp-json\/wp\/v2\/posts\/47094\/revisions"}],"predecessor-version":[{"id":56246,"href":"https:\/\/pdt-rj.org.br\/index.php\/wp-json\/wp\/v2\/posts\/47094\/revisions\/56246"}],"wp:attachment":[{"href":"https:\/\/pdt-rj.org.br\/index.php\/wp-json\/wp\/v2\/media?parent=47094"}],"wp:term":[{"taxonomy":"category","embeddable":true,"href":"https:\/\/pdt-rj.org.br\/index.php\/wp-json\/wp\/v2\/categories?post=47094"},{"taxonomy":"post_tag","embeddable":true,"href":"https:\/\/pdt-rj.org.br\/index.php\/wp-json\/wp\/v2\/tags?post=47094"}],"curies":[{"name":"wp","href":"https:\/\/api.w.org\/{rel}","templated":true}]}}