{"id":47086,"date":"2016-08-16T17:58:02","date_gmt":"2016-08-16T20:58:02","guid":{"rendered":"http:\/\/pdt-rj.org.br\/?p=47086"},"modified":"2017-10-26T09:07:49","modified_gmt":"2017-10-26T11:07:49","slug":"eduardo-cadoca-propoe-o-dia-nacional-dos-navios-de-cruzeiro","status":"publish","type":"post","link":"https:\/\/pdt-rj.org.br\/index.php\/eduardo-cadoca-propoe-o-dia-nacional-dos-navios-de-cruzeiro\/","title":{"rendered":"Eduardo Cadoca prop\u00f5e o \u201cDia Nacional dos Navios de Cruzeiro\u201d"},"content":{"rendered":"<p><img loading=\"lazy\" decoding=\"async\" class=\"alignnone size-medium wp-image-47088 alignright\" src=\"http:\/\/pdt-rj.org.br\/wp-content\/uploads\/2016\/08\/Cadoca_12-1024x683-300x200.jpg\" alt=\"Cadoca_12-1024x683\" width=\"300\" height=\"200\" srcset=\"https:\/\/pdt-rj.org.br\/wp-content\/uploads\/2016\/08\/Cadoca_12-1024x683-300x200.jpg 300w, https:\/\/pdt-rj.org.br\/wp-content\/uploads\/2016\/08\/Cadoca_12-1024x683-100x67.jpg 100w, https:\/\/pdt-rj.org.br\/wp-content\/uploads\/2016\/08\/Cadoca_12-1024x683-768x512.jpg 768w, https:\/\/pdt-rj.org.br\/wp-content\/uploads\/2016\/08\/Cadoca_12-1024x683.jpg 1024w, https:\/\/pdt-rj.org.br\/wp-content\/uploads\/2016\/08\/Cadoca_12-1024x683-135x90.jpg 135w\" sizes=\"auto, (max-width: 300px) 100vw, 300px\" \/>O deputado <strong><a href=\"https:\/\/www.facebook.com\/cadocadeputado\/\">Carlos Eduardo Cadoca<\/a><\/strong> (PDT-PE) apresentou o Projeto de Lei <a href=\"http:\/\/www.camara.gov.br\/proposicoesWeb\/fichadetramitacao?idProposicao=2092756\">5904\/16<\/a> que institui o dia 25 de outubro como \u201cDia Nacional dos Navios de Cruzeiro\u201d. A proposta tamb\u00e9m indica o m\u00eas de outubro como o de promo\u00e7\u00e3o e planejamento de a\u00e7\u00f5es de incentivo para navios de cruzeiros.<\/p>\n<p>Carlos Cadoca acentua que o Brasil possui mais de sete mil quil\u00f4metros de costa e v\u00e1rios rios naveg\u00e1veis, e isso coloca o pais no cen\u00e1rio competitivo internacional, podendo e vir a ser um dos principais destinos para navios de cruzeiro. \u201cEste projeto visa a inserir o Brasil no calend\u00e1rio mundial da ind\u00fastria de cruzeiros e tamb\u00e9m a fomentar o desenvolvimento deste setor no Pa\u00eds\u201d, justificou o deputado.<\/p>\n<p>Ainda de acordo com ele, al\u00e9m do impacto positivo na economia brasileira, nas localidades por onde passam as embarca\u00e7\u00f5es s\u00e3o gerados milhares de empregos, propiciando resultados positivos em v\u00e1rios setores para o pa\u00eds.<\/p>\n<!-- AddThis Advanced Settings generic via filter on the_content --><!-- AddThis Share Buttons generic via filter on the_content -->","protected":false},"excerpt":{"rendered":"<p>O deputado Carlos Eduardo Cadoca (PDT-PE) apresentou o Projeto de Lei 5904\/16 que institui o dia 25 de outubro como \u201cDia Nacional dos Navios de Cruzeiro\u201d. A proposta tamb\u00e9m indica o m\u00eas de outubro como o de promo\u00e7\u00e3o e planejamento de a\u00e7\u00f5es de incentivo para navios de cruzeiros. Carlos Cadoca acentua que o Brasil possui&#8230;<!-- AddThis Advanced Settings generic via filter on wp_trim_excerpt --><!-- AddThis Share Buttons generic via filter on wp_trim_excerpt --><\/p>\n","protected":false},"author":17,"featured_media":0,"comment_status":"closed","ping_status":"open","sticky":false,"template":"","format":"standard","meta":{"_monsterinsights_skip_tracking":false,"_monsterinsights_sitenote_active":false,"_monsterinsights_sitenote_note":"","_monsterinsights_sitenote_category":0,"_uf_show_specific_survey":0,"_uf_disable_surveys":false,"footnotes":""},"categories":[976],"tags":[195,1163,38],"class_list":["post-47086","post","type-post","status-publish","format-standard","hentry","category-noticias-em-destaque","tag-carlos-eduardo-cadoca","tag-dia-nacional-dos-navios-de-cruzeiro","tag-pdt"],"acf":[],"_links":{"self":[{"href":"https:\/\/pdt-rj.org.br\/index.php\/wp-json\/wp\/v2\/posts\/47086","targetHints":{"allow":["GET"]}}],"collection":[{"href":"https:\/\/pdt-rj.org.br\/index.php\/wp-json\/wp\/v2\/posts"}],"about":[{"href":"https:\/\/pdt-rj.org.br\/index.php\/wp-json\/wp\/v2\/types\/post"}],"author":[{"embeddable":true,"href":"https:\/\/pdt-rj.org.br\/index.php\/wp-json\/wp\/v2\/users\/17"}],"replies":[{"embeddable":true,"href":"https:\/\/pdt-rj.org.br\/index.php\/wp-json\/wp\/v2\/comments?post=47086"}],"version-history":[{"count":1,"href":"https:\/\/pdt-rj.org.br\/index.php\/wp-json\/wp\/v2\/posts\/47086\/revisions"}],"predecessor-version":[{"id":56247,"href":"https:\/\/pdt-rj.org.br\/index.php\/wp-json\/wp\/v2\/posts\/47086\/revisions\/56247"}],"wp:attachment":[{"href":"https:\/\/pdt-rj.org.br\/index.php\/wp-json\/wp\/v2\/media?parent=47086"}],"wp:term":[{"taxonomy":"category","embeddable":true,"href":"https:\/\/pdt-rj.org.br\/index.php\/wp-json\/wp\/v2\/categories?post=47086"},{"taxonomy":"post_tag","embeddable":true,"href":"https:\/\/pdt-rj.org.br\/index.php\/wp-json\/wp\/v2\/tags?post=47086"}],"curies":[{"name":"wp","href":"https:\/\/api.w.org\/{rel}","templated":true}]}}