{"id":47003,"date":"2016-08-16T12:48:30","date_gmt":"2016-08-16T15:48:30","guid":{"rendered":"http:\/\/pdt-rj.org.br\/?p=47003"},"modified":"2017-10-26T09:07:50","modified_gmt":"2017-10-26T11:07:50","slug":"roberto-claudio-inicia-campanha-por-bairros-de-fortaleza","status":"publish","type":"post","link":"https:\/\/pdt-rj.org.br\/index.php\/roberto-claudio-inicia-campanha-por-bairros-de-fortaleza\/","title":{"rendered":"Prefeito Roberto Cl\u00e1udio inicia campanha \u00e0 reelei\u00e7\u00e3o por bairros de Fortaleza"},"content":{"rendered":"<p style=\"text-align: left;\"><img loading=\"lazy\" decoding=\"async\" class=\"alignnone size-medium wp-image-47004 alignright\" src=\"http:\/\/pdt-rj.org.br\/wp-content\/uploads\/2016\/08\/16.08-caminhada-Vila-Velha-300x200.jpg\" alt=\"16.08 - caminhada Vila Velha\" width=\"300\" height=\"200\" srcset=\"https:\/\/pdt-rj.org.br\/wp-content\/uploads\/2016\/08\/16.08-caminhada-Vila-Velha-300x200.jpg 300w, https:\/\/pdt-rj.org.br\/wp-content\/uploads\/2016\/08\/16.08-caminhada-Vila-Velha-100x67.jpg 100w, https:\/\/pdt-rj.org.br\/wp-content\/uploads\/2016\/08\/16.08-caminhada-Vila-Velha-768x512.jpg 768w, https:\/\/pdt-rj.org.br\/wp-content\/uploads\/2016\/08\/16.08-caminhada-Vila-Velha.jpg 1024w, https:\/\/pdt-rj.org.br\/wp-content\/uploads\/2016\/08\/16.08-caminhada-Vila-Velha-135x90.jpg 135w\" sizes=\"auto, (max-width: 300px) 100vw, 300px\" \/>O prefeito o <a href=\"https:\/\/www.facebook.com\/prefeitorobertoclaudio\/?fref=ts\"><strong>Roberto Cl\u00e1udio<\/strong><\/a> (PDT), candidato \u00e0 reelei\u00e7\u00e3o pela coliga\u00e7\u00e3o &#8220;Mais Fortaleza pra Voc\u00ea&#8221;, iniciou a campanha eleitoral nesta ter\u00e7a-feira (16), pelas ruas do bairro Vila Velha. Junto com moradores, ele\u00a0percorreu pra\u00e7as e avenidas que receberam melhorias na atual gest\u00e3o.<\/p>\n<p>No bairro, j\u00e1 foi constru\u00edda uma Unidade de Pronto Atendimento (UPA), um novo posto de sa\u00fade, um Ecoponto, bem como foram realizadas reformas nas unidades b\u00e1sicas de sa\u00fade j\u00e1 existentes.<\/p>\n<p>Roberto Cl\u00e1udio reafirmou o compromisso de continuar realizando melhorias para a comunidade. &#8220;Aqui, ao longo desses tr\u00eas anos e meio, reformamos e ampliamos equipamentos p\u00fablicos. Vamos inaugurar, agora, no segundo semestre, uma escola de tempo integral e uma nova creche&#8221;, declarou.<\/p>\n<p>Moradora do Vila Velha, a aut\u00f4noma Nataniele de Mac\u00eado avalia como positivas as melhorias que o bairro j\u00e1 recebeu. &#8220;A popula\u00e7\u00e3o est\u00e1 aplaudindo as reformas de pra\u00e7as, escolas e postos de sa\u00fade. A gente v\u00ea o sorriso das crian\u00e7as indo para as escolas&#8221;, disse.<\/p>\n<p>O candidato Roberto Cl\u00e1udio re\u00fane o maior n\u00famero de partidos para as elei\u00e7\u00f5es deste ano na Capital. A coliga\u00e7\u00e3o &#8220;Mais Fortaleza pra Voc\u00ea&#8221; re\u00fane 18 partidos: PP, PDT,\u00a0 PTB, PSL, PTN, PSC, PPS, DEM, PSDC, PRTB, PMB, PTC, PV, PEN, PPL, PSD, PCdoB e Pros.<\/p>\n<p><strong>Agenda<\/strong><\/p>\n<p>Ainda nesta ter\u00e7a-feira (16), a partir das 19h, o candidato Roberto Cl\u00e1udio participar\u00e1 de carreata, percorrendo os bairros Geniba\u00fa e Conjunto Cear\u00e1.<\/p>\n<!-- AddThis Advanced Settings generic via filter on the_content --><!-- AddThis Share Buttons generic via filter on the_content -->","protected":false},"excerpt":{"rendered":"<p>O prefeito o Roberto Cl\u00e1udio (PDT), candidato \u00e0 reelei\u00e7\u00e3o pela coliga\u00e7\u00e3o &#8220;Mais Fortaleza pra Voc\u00ea&#8221;, iniciou a campanha eleitoral nesta ter\u00e7a-feira (16), pelas ruas do bairro Vila Velha. Junto com moradores, ele\u00a0percorreu pra\u00e7as e avenidas que receberam melhorias na atual gest\u00e3o. No bairro, j\u00e1 foi constru\u00edda uma Unidade de Pronto Atendimento (UPA), um novo posto&#8230;<!-- AddThis Advanced Settings generic via filter on wp_trim_excerpt --><!-- AddThis Share Buttons generic via filter on wp_trim_excerpt --><\/p>\n","protected":false},"author":17,"featured_media":0,"comment_status":"closed","ping_status":"open","sticky":false,"template":"","format":"standard","meta":{"_monsterinsights_skip_tracking":false,"_monsterinsights_sitenote_active":false,"_monsterinsights_sitenote_note":"","_monsterinsights_sitenote_category":0,"_uf_show_specific_survey":0,"_uf_disable_surveys":false,"footnotes":""},"categories":[976],"tags":[1071,1160,38,811,836],"class_list":["post-47003","post","type-post","status-publish","format-standard","hentry","category-noticias-em-destaque","tag-fortaleza","tag-mais-fortaleza-pra-voce","tag-pdt","tag-reeleicao","tag-roberto-claudio"],"acf":[],"_links":{"self":[{"href":"https:\/\/pdt-rj.org.br\/index.php\/wp-json\/wp\/v2\/posts\/47003","targetHints":{"allow":["GET"]}}],"collection":[{"href":"https:\/\/pdt-rj.org.br\/index.php\/wp-json\/wp\/v2\/posts"}],"about":[{"href":"https:\/\/pdt-rj.org.br\/index.php\/wp-json\/wp\/v2\/types\/post"}],"author":[{"embeddable":true,"href":"https:\/\/pdt-rj.org.br\/index.php\/wp-json\/wp\/v2\/users\/17"}],"replies":[{"embeddable":true,"href":"https:\/\/pdt-rj.org.br\/index.php\/wp-json\/wp\/v2\/comments?post=47003"}],"version-history":[{"count":1,"href":"https:\/\/pdt-rj.org.br\/index.php\/wp-json\/wp\/v2\/posts\/47003\/revisions"}],"predecessor-version":[{"id":56249,"href":"https:\/\/pdt-rj.org.br\/index.php\/wp-json\/wp\/v2\/posts\/47003\/revisions\/56249"}],"wp:attachment":[{"href":"https:\/\/pdt-rj.org.br\/index.php\/wp-json\/wp\/v2\/media?parent=47003"}],"wp:term":[{"taxonomy":"category","embeddable":true,"href":"https:\/\/pdt-rj.org.br\/index.php\/wp-json\/wp\/v2\/categories?post=47003"},{"taxonomy":"post_tag","embeddable":true,"href":"https:\/\/pdt-rj.org.br\/index.php\/wp-json\/wp\/v2\/tags?post=47003"}],"curies":[{"name":"wp","href":"https:\/\/api.w.org\/{rel}","templated":true}]}}