{"id":46948,"date":"2016-07-15T18:05:23","date_gmt":"2016-07-15T21:05:23","guid":{"rendered":"http:\/\/pdt-rj.org.br\/?p=44689"},"modified":"2017-01-19T14:08:01","modified_gmt":"2017-01-19T16:08:01","slug":"pdt-de-manaus-reune-ciro-andre-figueiredo-e-weverton-rocha-em-grande-festa","status":"publish","type":"post","link":"https:\/\/pdt-rj.org.br\/index.php\/pdt-de-manaus-reune-ciro-andre-figueiredo-e-weverton-rocha-em-grande-festa\/","title":{"rendered":"PDT de Manaus re\u00fane Ciro, Andr\u00e9 Figueiredo e Weverton Rocha"},"content":{"rendered":"<p><img loading=\"lazy\" decoding=\"async\" class=\"alignnone size-medium wp-image-44692 alignleft\" src=\"http:\/\/pdt-rj.org.br\/wp-content\/uploads\/2016\/07\/Ciro-Andr\u00e9-Figueiredo-e-Weverton-em-Manaus-julho-de-2016-300x167.jpg\" alt=\"Ciro,-Andr\u00e9-Figueiredo-e-Weverton-em-Manaus---julho-de-2016\" width=\"300\" height=\"167\" srcset=\"https:\/\/pdt-rj.org.br\/wp-content\/uploads\/2016\/07\/Ciro-Andr\u00e9-Figueiredo-e-Weverton-em-Manaus-julho-de-2016-300x167.jpg 300w, https:\/\/pdt-rj.org.br\/wp-content\/uploads\/2016\/07\/Ciro-Andr\u00e9-Figueiredo-e-Weverton-em-Manaus-julho-de-2016-100x56.jpg 100w, https:\/\/pdt-rj.org.br\/wp-content\/uploads\/2016\/07\/Ciro-Andr\u00e9-Figueiredo-e-Weverton-em-Manaus-julho-de-2016-161x90.jpg 161w, https:\/\/pdt-rj.org.br\/wp-content\/uploads\/2016\/07\/Ciro-Andr\u00e9-Figueiredo-e-Weverton-em-Manaus-julho-de-2016.jpg 729w\" sizes=\"auto, (max-width: 300px) 100vw, 300px\" \/>O Encontro Estadual de Lideran\u00e7as do PDT, em Manaus (AM), realizou ontem (14) uma grande festa que reuniu os pedetistas Ciro Gomes e os deputados federais Andr\u00e9 Figueiredo e o l\u00edder do PDT na C\u00e2mara dos Deputados, Weverton Rocha. O evento marcou oficializa\u00e7\u00e3o das pr\u00e9-candidaturas a prefeitos e vereadores da regi\u00e3o, com destaque para o deputado federal Hissa Abrah\u00e3o, que concorrer\u00e1 \u00e0 Prefeitura de Manaus.<\/p>\n<p>Mais de 500 pessoas participaram do encontro, que aconteceu na Assembleia Legislativa do Estado do Amazonas (Alea) como parte do projeto \u201c2016 + 2\u201d, movimento pedetista que utilizar\u00e1 os pleitos municipais de 2016 como plataforma para consolidar a candidatura de Ciro Gomes, em 2018, a presidente da Rep\u00fablica.<\/p>\n<p>O presidente estadual do PDT, Stones Machado, representantes da Juventude Socialista do Amazonas, PDT Diversidade, os movimentos Negro e Ind\u00edgena, al\u00e9m de outros membros da executiva nacional e local, tamb\u00e9m prestigiaram o Encontro.<\/p>\n<p><img loading=\"lazy\" decoding=\"async\" class=\"alignnone size-medium wp-image-44690 alignright\" src=\"http:\/\/pdt-rj.org.br\/wp-content\/uploads\/2016\/07\/WhatsApp-Image-20160714-26-300x199.jpeg\" alt=\"WhatsApp-Image-20160714 (26)\" width=\"300\" height=\"199\" srcset=\"https:\/\/pdt-rj.org.br\/wp-content\/uploads\/2016\/07\/WhatsApp-Image-20160714-26-300x199.jpeg 300w, https:\/\/pdt-rj.org.br\/wp-content\/uploads\/2016\/07\/WhatsApp-Image-20160714-26-100x66.jpeg 100w, https:\/\/pdt-rj.org.br\/wp-content\/uploads\/2016\/07\/WhatsApp-Image-20160714-26-768x509.jpeg 768w, https:\/\/pdt-rj.org.br\/wp-content\/uploads\/2016\/07\/WhatsApp-Image-20160714-26.jpeg 1024w, https:\/\/pdt-rj.org.br\/wp-content\/uploads\/2016\/07\/WhatsApp-Image-20160714-26-136x90.jpeg 136w\" sizes=\"auto, (max-width: 300px) 100vw, 300px\" \/><\/p>\n<p>Andr\u00e9 Figueiredo exaltou o protagonismo do PDT nas elei\u00e7\u00f5es municipais no Brasil, valorizou os investimentos conquistados para a regi\u00e3o do Amazonas e o projeto estruturado para a cidade, que segue as bandeiras hist\u00f3ricas do partido.<\/p>\n<p>&#8220;No Minist\u00e9rio das Comunica\u00e7\u00f5es, ajudei com o desenvolvimento das telecomunica\u00e7\u00f5es em v\u00e1rias cidades do Amazonas. E tenho certeza de que essa parceria com o Hissa permitir\u00e1 uma melhor educa\u00e7\u00e3o para os jovens, uma sa\u00fade mais qualificada e uma cidade diferente. Conte com a fam\u00edlia do PDT&#8221;, ressaltou o deputado, que visitou o Polo Industrial de Manaus.<\/p>\n<!-- AddThis Advanced Settings generic via filter on the_content --><!-- AddThis Share Buttons generic via filter on the_content -->","protected":false},"excerpt":{"rendered":"<p>O Encontro Estadual de Lideran\u00e7as do PDT, em Manaus (AM), realizou ontem (14) uma grande festa que reuniu os pedetistas Ciro Gomes e os deputados federais Andr\u00e9 Figueiredo e o l\u00edder do PDT na C\u00e2mara dos Deputados, Weverton Rocha. O evento marcou oficializa\u00e7\u00e3o das pr\u00e9-candidaturas a prefeitos e vereadores da regi\u00e3o, com destaque para o&#8230;<!-- AddThis Advanced Settings generic via filter on wp_trim_excerpt --><!-- AddThis Share Buttons generic via filter on wp_trim_excerpt --><\/p>\n","protected":false},"author":17,"featured_media":0,"comment_status":"closed","ping_status":"closed","sticky":false,"template":"","format":"standard","meta":{"_monsterinsights_skip_tracking":false,"_monsterinsights_sitenote_active":false,"_monsterinsights_sitenote_note":"","_monsterinsights_sitenote_category":0,"_uf_show_specific_survey":0,"_uf_disable_surveys":false,"footnotes":""},"categories":[1402,1401],"tags":[970,34,220,462,38,892,962],"class_list":["post-46948","post","type-post","status-publish","format-standard","hentry","category-cidades","category-nacional","tag-2016-2","tag-andre-figueiredo","tag-ciro-gomes","tag-hissa-abrahao","tag-pdt","tag-stones-machado","tag-weverton-rocha"],"acf":[],"_links":{"self":[{"href":"https:\/\/pdt-rj.org.br\/index.php\/wp-json\/wp\/v2\/posts\/46948","targetHints":{"allow":["GET"]}}],"collection":[{"href":"https:\/\/pdt-rj.org.br\/index.php\/wp-json\/wp\/v2\/posts"}],"about":[{"href":"https:\/\/pdt-rj.org.br\/index.php\/wp-json\/wp\/v2\/types\/post"}],"author":[{"embeddable":true,"href":"https:\/\/pdt-rj.org.br\/index.php\/wp-json\/wp\/v2\/users\/17"}],"replies":[{"embeddable":true,"href":"https:\/\/pdt-rj.org.br\/index.php\/wp-json\/wp\/v2\/comments?post=46948"}],"version-history":[{"count":1,"href":"https:\/\/pdt-rj.org.br\/index.php\/wp-json\/wp\/v2\/posts\/46948\/revisions"}],"predecessor-version":[{"id":52366,"href":"https:\/\/pdt-rj.org.br\/index.php\/wp-json\/wp\/v2\/posts\/46948\/revisions\/52366"}],"wp:attachment":[{"href":"https:\/\/pdt-rj.org.br\/index.php\/wp-json\/wp\/v2\/media?parent=46948"}],"wp:term":[{"taxonomy":"category","embeddable":true,"href":"https:\/\/pdt-rj.org.br\/index.php\/wp-json\/wp\/v2\/categories?post=46948"},{"taxonomy":"post_tag","embeddable":true,"href":"https:\/\/pdt-rj.org.br\/index.php\/wp-json\/wp\/v2\/tags?post=46948"}],"curies":[{"name":"wp","href":"https:\/\/api.w.org\/{rel}","templated":true}]}}