{"id":46901,"date":"2016-08-12T17:06:56","date_gmt":"2016-08-12T20:06:56","guid":{"rendered":"http:\/\/pdt-rj.org.br\/?p=46901"},"modified":"2017-01-19T14:05:54","modified_gmt":"2017-01-19T16:05:54","slug":"lideres-do-pdt-comentam-ataques-a-atletas-nas-redes-sociais","status":"publish","type":"post","link":"https:\/\/pdt-rj.org.br\/index.php\/lideres-do-pdt-comentam-ataques-a-atletas-nas-redes-sociais\/","title":{"rendered":"L\u00edderes do PDT repudiam ataques a atletas nas redes sociais"},"content":{"rendered":"<p><img loading=\"lazy\" decoding=\"async\" class=\"alignnone size-medium wp-image-46903 alignleft\" src=\"http:\/\/pdt-rj.org.br\/wp-content\/uploads\/2016\/08\/Rafaela-e-Joanna-300x169.jpg\" alt=\"Rafaela e Joanna\" width=\"300\" height=\"169\" srcset=\"https:\/\/pdt-rj.org.br\/wp-content\/uploads\/2016\/08\/Rafaela-e-Joanna-300x169.jpg 300w, https:\/\/pdt-rj.org.br\/wp-content\/uploads\/2016\/08\/Rafaela-e-Joanna-100x56.jpg 100w, https:\/\/pdt-rj.org.br\/wp-content\/uploads\/2016\/08\/Rafaela-e-Joanna-768x432.jpg 768w, https:\/\/pdt-rj.org.br\/wp-content\/uploads\/2016\/08\/Rafaela-e-Joanna.jpg 1024w, https:\/\/pdt-rj.org.br\/wp-content\/uploads\/2016\/08\/Rafaela-e-Joanna-160x90.jpg 160w\" sizes=\"auto, (max-width: 300px) 100vw, 300px\" \/>Na \u00faltima segunda-feira (8), Rafaela Silva se consagrou campe\u00e3 ol\u00edmpica de jud\u00f4. O ouro veio quatro anos depois de sua desclassifica\u00e7\u00e3o nos jogos de Londres e de ataques racistas desferidos nas redes sociais.<\/p>\n<p>A nadadora Joanna Maranh\u00e3o passou a sofrer o mesmo tipo de covardia nas redes, ap\u00f3s ser desclassificada das piscinas: \u201cmerece ser estuprada de novo\u201d, disse um internauta.<\/p>\n<p>Lideran\u00e7as de movimentos pedetista em defesa do negro e da mulher acompanharam os acontecimentos e se manifestaram. Al\u00e9m de demonstrar indigna\u00e7\u00e3o, os l\u00edderes fizeram uma an\u00e1lise racional dos fatos.<\/p>\n<p>\u201cA exposi\u00e7\u00e3o das redes sociais desmitificam a cren\u00e7a de que o Brasil n\u00e3o tem preconceito. Desde a cria\u00e7\u00e3o, o PDT luta contra o racismo no pa\u00eds. Rafaela Silva \u00e9 vencedora em todos os sentidos, mas \u00e9 exce\u00e7\u00e3o. Nossa briga \u00e9 pela inclus\u00e3o do negro, para podermos ver outras \u2018Rafaelas\u2019 no p\u00f3dio\u201d, comenta Ivaldo Paix\u00e3o, presidente do Movimento Negro do PDT.<\/p>\n<p>J\u00e1 a presidente nacional da A\u00e7\u00e3o da Mulher Trabalhista (AMT) do PDT, Miguelina Vecchio, foi taxativa: \u201cO Brasil \u00e9 um pa\u00eds mis\u00f3gino e xen\u00f3fobo, como declarou Joanna Maranh\u00e3o. Ela \u00e9 vencedora duas vezes, por chegar aonde chegou sendo mulher e nordestina. A educa\u00e7\u00e3o \u00e9 o caminho para mudar essa realidade, trabalhando a equidade de g\u00eanero e social. \u00c9 por isso que lutamos, dentro e fora do partido\u201d.<\/p>\n<!-- AddThis Advanced Settings generic via filter on the_content --><!-- AddThis Share Buttons generic via filter on the_content -->","protected":false},"excerpt":{"rendered":"<p>Na \u00faltima segunda-feira (8), Rafaela Silva se consagrou campe\u00e3 ol\u00edmpica de jud\u00f4. O ouro veio quatro anos depois de sua desclassifica\u00e7\u00e3o nos jogos de Londres e de ataques racistas desferidos nas redes sociais. A nadadora Joanna Maranh\u00e3o passou a sofrer o mesmo tipo de covardia nas redes, ap\u00f3s ser desclassificada das piscinas: \u201cmerece ser estuprada&#8230;<!-- AddThis Advanced Settings generic via filter on wp_trim_excerpt --><!-- AddThis Share Buttons generic via filter on wp_trim_excerpt --><\/p>\n","protected":false},"author":17,"featured_media":0,"comment_status":"closed","ping_status":"open","sticky":false,"template":"","format":"standard","meta":{"_monsterinsights_skip_tracking":false,"_monsterinsights_sitenote_active":false,"_monsterinsights_sitenote_note":"","_monsterinsights_sitenote_category":0,"_uf_show_specific_survey":0,"_uf_disable_surveys":false,"footnotes":""},"categories":[1585,1397,1401],"tags":[87,1133,1134,614,1135,38,1136],"class_list":["post-46901","post","type-post","status-publish","format-standard","hentry","category-amt","category-movimentos","category-nacional","tag-acao-da-mulher-trabalhista","tag-ivaldo-paixao","tag-joanna-maranhao","tag-miguelina-vecchio","tag-movimento-negro-do-pdt","tag-pdt","tag-rafaela-silva"],"acf":[],"_links":{"self":[{"href":"https:\/\/pdt-rj.org.br\/index.php\/wp-json\/wp\/v2\/posts\/46901","targetHints":{"allow":["GET"]}}],"collection":[{"href":"https:\/\/pdt-rj.org.br\/index.php\/wp-json\/wp\/v2\/posts"}],"about":[{"href":"https:\/\/pdt-rj.org.br\/index.php\/wp-json\/wp\/v2\/types\/post"}],"author":[{"embeddable":true,"href":"https:\/\/pdt-rj.org.br\/index.php\/wp-json\/wp\/v2\/users\/17"}],"replies":[{"embeddable":true,"href":"https:\/\/pdt-rj.org.br\/index.php\/wp-json\/wp\/v2\/comments?post=46901"}],"version-history":[{"count":1,"href":"https:\/\/pdt-rj.org.br\/index.php\/wp-json\/wp\/v2\/posts\/46901\/revisions"}],"predecessor-version":[{"id":52365,"href":"https:\/\/pdt-rj.org.br\/index.php\/wp-json\/wp\/v2\/posts\/46901\/revisions\/52365"}],"wp:attachment":[{"href":"https:\/\/pdt-rj.org.br\/index.php\/wp-json\/wp\/v2\/media?parent=46901"}],"wp:term":[{"taxonomy":"category","embeddable":true,"href":"https:\/\/pdt-rj.org.br\/index.php\/wp-json\/wp\/v2\/categories?post=46901"},{"taxonomy":"post_tag","embeddable":true,"href":"https:\/\/pdt-rj.org.br\/index.php\/wp-json\/wp\/v2\/tags?post=46901"}],"curies":[{"name":"wp","href":"https:\/\/api.w.org\/{rel}","templated":true}]}}