{"id":46888,"date":"2016-08-12T14:53:16","date_gmt":"2016-08-12T17:53:16","guid":{"rendered":"http:\/\/pdt-rj.org.br\/?p=46888"},"modified":"2017-10-26T09:07:51","modified_gmt":"2017-10-26T11:07:51","slug":"caminhada-civica-por-jango-e-a-democracia-neste-domingo-14","status":"publish","type":"post","link":"https:\/\/pdt-rj.org.br\/index.php\/caminhada-civica-por-jango-e-a-democracia-neste-domingo-14\/","title":{"rendered":"Caminhada C\u00edvica por Jango e a Democracia, neste domingo (14)"},"content":{"rendered":"<p>Sai o general carrancudo da ditadura, entra o presidente popular derrubado pelo golpe de 1964. O Elevado Costa e Silva, mais conhecido como Minhoc\u00e3o de S\u00e3o Paulo, agora se chama <strong><a href=\"http:\/\/pdt-rj.org.br\/index.php\/minhocao-de-sp-passa-a-se-chamar-elevado-presidente-joao-goulart\/\">Elevado Presidente Jo\u00e3o Goulart<\/a>.<\/strong><\/p>\n<p>Vamos comemorar essa mudan\u00e7a no pr\u00f3ximo domingo (14), a partir das 8h30, com a Caminhada C\u00edvica por Jango e a Democracia.<\/p>\n<p><strong>Concentra\u00e7\u00e3o:<\/strong> rua Dr. Ces\u00e1rio Motta Jr., 561 (Pizzaria da Sara), Vila Buarque, pr\u00f3ximo ao ponto de conflu\u00eancia do Elevado com a Rua Consola\u00e7\u00e3o.<\/p>\n<!-- AddThis Advanced Settings generic via filter on the_content --><!-- AddThis Share Buttons generic via filter on the_content -->","protected":false},"excerpt":{"rendered":"<p>Sai o general carrancudo da ditadura, entra o presidente popular derrubado pelo golpe de 1964. O Elevado Costa e Silva, mais conhecido como Minhoc\u00e3o de S\u00e3o Paulo, agora se chama Elevado Presidente Jo\u00e3o Goulart. Vamos comemorar essa mudan\u00e7a no pr\u00f3ximo domingo (14), a partir das 8h30, com a Caminhada C\u00edvica por Jango e a Democracia&#8230;.<!-- AddThis Advanced Settings generic via filter on wp_trim_excerpt --><!-- AddThis Share Buttons generic via filter on wp_trim_excerpt --><\/p>\n","protected":false},"author":17,"featured_media":0,"comment_status":"closed","ping_status":"open","sticky":false,"template":"","format":"standard","meta":{"_monsterinsights_skip_tracking":false,"_monsterinsights_sitenote_active":false,"_monsterinsights_sitenote_note":"","_monsterinsights_sitenote_category":0,"_uf_show_specific_survey":0,"_uf_disable_surveys":false,"footnotes":""},"categories":[976],"tags":[1132,513],"class_list":["post-46888","post","type-post","status-publish","format-standard","hentry","category-noticias-em-destaque","tag-caminhada-civica","tag-jango"],"acf":[],"_links":{"self":[{"href":"https:\/\/pdt-rj.org.br\/index.php\/wp-json\/wp\/v2\/posts\/46888","targetHints":{"allow":["GET"]}}],"collection":[{"href":"https:\/\/pdt-rj.org.br\/index.php\/wp-json\/wp\/v2\/posts"}],"about":[{"href":"https:\/\/pdt-rj.org.br\/index.php\/wp-json\/wp\/v2\/types\/post"}],"author":[{"embeddable":true,"href":"https:\/\/pdt-rj.org.br\/index.php\/wp-json\/wp\/v2\/users\/17"}],"replies":[{"embeddable":true,"href":"https:\/\/pdt-rj.org.br\/index.php\/wp-json\/wp\/v2\/comments?post=46888"}],"version-history":[{"count":1,"href":"https:\/\/pdt-rj.org.br\/index.php\/wp-json\/wp\/v2\/posts\/46888\/revisions"}],"predecessor-version":[{"id":56254,"href":"https:\/\/pdt-rj.org.br\/index.php\/wp-json\/wp\/v2\/posts\/46888\/revisions\/56254"}],"wp:attachment":[{"href":"https:\/\/pdt-rj.org.br\/index.php\/wp-json\/wp\/v2\/media?parent=46888"}],"wp:term":[{"taxonomy":"category","embeddable":true,"href":"https:\/\/pdt-rj.org.br\/index.php\/wp-json\/wp\/v2\/categories?post=46888"},{"taxonomy":"post_tag","embeddable":true,"href":"https:\/\/pdt-rj.org.br\/index.php\/wp-json\/wp\/v2\/tags?post=46888"}],"curies":[{"name":"wp","href":"https:\/\/api.w.org\/{rel}","templated":true}]}}