{"id":46791,"date":"2016-08-09T14:20:51","date_gmt":"2016-08-09T17:20:51","guid":{"rendered":"http:\/\/pdt-rj.org.br\/?p=46791"},"modified":"2017-10-26T09:07:53","modified_gmt":"2017-10-26T11:07:53","slug":"entrega-de-areas-estrategicas-do-pre-sal-e-atentado-contra-os-brasileiros-afirma-andre-figueiredo","status":"publish","type":"post","link":"https:\/\/pdt-rj.org.br\/index.php\/entrega-de-areas-estrategicas-do-pre-sal-e-atentado-contra-os-brasileiros-afirma-andre-figueiredo\/","title":{"rendered":"\u201cEntrega de \u00e1reas estrat\u00e9gicas do pr\u00e9-sal \u00e9 atentado contra os brasileiros\u201d, afirma Andr\u00e9 Figueiredo"},"content":{"rendered":"<p><img loading=\"lazy\" decoding=\"async\" class=\"alignnone size-medium wp-image-46794 alignright\" src=\"http:\/\/pdt-rj.org.br\/wp-content\/uploads\/2016\/08\/ALX_3052-300x200.jpg\" alt=\"ALX_3052\" width=\"300\" height=\"200\" srcset=\"https:\/\/pdt-rj.org.br\/wp-content\/uploads\/2016\/08\/ALX_3052-300x200.jpg 300w, https:\/\/pdt-rj.org.br\/wp-content\/uploads\/2016\/08\/ALX_3052-100x67.jpg 100w, https:\/\/pdt-rj.org.br\/wp-content\/uploads\/2016\/08\/ALX_3052-768x511.jpg 768w, https:\/\/pdt-rj.org.br\/wp-content\/uploads\/2016\/08\/ALX_3052.jpg 1024w, https:\/\/pdt-rj.org.br\/wp-content\/uploads\/2016\/08\/ALX_3052-135x90.jpg 135w\" sizes=\"auto, (max-width: 300px) 100vw, 300px\" \/>O deputado federal Andr\u00e9 Figueiredo (PDT-CE) criticou a tentativa de entrega de \u00e1reas estrat\u00e9gicas do pr\u00e9-sal para empresas estrangeiras e do consequente enfraquecimento da Petrobras. Essa posi\u00e7\u00e3o foi defendida na Comiss\u00e3o Geral que debateu o PL 4.567\/2016, de autoria de Jos\u00e9 Serra (PSDB-SP), e apensados, que retira da estatal a condi\u00e7\u00e3o de ser a operadora \u00fanica da camada e ter participa\u00e7\u00e3o m\u00ednima de 30% na explora\u00e7\u00e3o desses campos de petr\u00f3leo.<\/p>\n<p>Aprovado em fevereiro deste ano, no Senado, com 40 votos a favor, 26 contra e duas absten\u00e7\u00f5es, o texto est\u00e1 na C\u00e2mara dos Deputados para ser avaliado e segue recebendo cr\u00edticas de partidos e entidades do setor, incluindo sindicatos.<\/p>\n<p>Representando o PDT, o parlamentar cearense pontuou que partido fechou quest\u00e3o contra o atual projeto por ser considerado &#8220;entreguista&#8221;. Para o deputado, \u00e9 fundamental que se fa\u00e7a um debate t\u00e9cnico e pol\u00edtico sobre a mat\u00e9ria para evitar preju\u00edzos para o pa\u00eds a partir de poss\u00edveis limita\u00e7\u00f5es e perdas de investimentos nas pol\u00edticas de interesse social e de desenvolvimento econ\u00f4mico nacional.<\/p>\n<p>\u00a0&#8220;A prov\u00edncia do pr\u00e9-sal \u00e9 um patrim\u00f4nio do Brasil e deve ser explorado em benef\u00edcio do seu povo. Ela det\u00e9m importantes reservas estrat\u00e9gicas e a participa\u00e7\u00e3o efetiva da Petrobr\u00e1s nos cons\u00f3rcios de explora\u00e7\u00e3o da empresa brasileira deve ser preservada. Isso maximiza as rendas do Estado representadas pelo excedente em \u00f3leo da Uni\u00e3o ou pela participa\u00e7\u00e3o especial&#8221;, afirmou.<\/p>\n<p>Lei a mat\u00e9ria completa <strong><a href=\"http:\/\/www.andrefigueiredo.net\/noticias\/entrega-de-areas-estrategicas-do-pre-sal-e-atentado-contra-os-brasileiros-afirma-andre-figueiredo\/\">aqui.<\/a><\/strong><\/p>\n<p><a href=\"https:\/\/www.youtube.com\/watch?v=w1Sy3iSIB8E&amp;feature=youtu.be\">Andr\u00e9 se mobiliza contra o entreguismo da Petrobras<\/a><\/p>\n<p><iframe loading=\"lazy\" title=\"Andr\u00e9 se mobiliza contra o entreguismo da Petrobras\" width=\"640\" height=\"360\" src=\"https:\/\/www.youtube.com\/embed\/w1Sy3iSIB8E?feature=oembed\" frameborder=\"0\" allow=\"accelerometer; autoplay; clipboard-write; encrypted-media; gyroscope; picture-in-picture; web-share\" referrerpolicy=\"strict-origin-when-cross-origin\" allowfullscreen><\/iframe><\/p>\n<!-- AddThis Advanced Settings generic via filter on the_content --><!-- AddThis Share Buttons generic via filter on the_content -->","protected":false},"excerpt":{"rendered":"<p>O deputado federal Andr\u00e9 Figueiredo (PDT-CE) criticou a tentativa de entrega de \u00e1reas estrat\u00e9gicas do pr\u00e9-sal para empresas estrangeiras e do consequente enfraquecimento da Petrobras. Essa posi\u00e7\u00e3o foi defendida na Comiss\u00e3o Geral que debateu o PL 4.567\/2016, de autoria de Jos\u00e9 Serra (PSDB-SP), e apensados, que retira da estatal a condi\u00e7\u00e3o de ser a operadora&#8230;<!-- AddThis Advanced Settings generic via filter on wp_trim_excerpt --><!-- AddThis Share Buttons generic via filter on wp_trim_excerpt --><\/p>\n","protected":false},"author":17,"featured_media":0,"comment_status":"closed","ping_status":"open","sticky":false,"template":"","format":"standard","meta":{"_monsterinsights_skip_tracking":false,"_monsterinsights_sitenote_active":false,"_monsterinsights_sitenote_note":"","_monsterinsights_sitenote_category":0,"_uf_show_specific_survey":0,"_uf_disable_surveys":false,"footnotes":""},"categories":[976],"tags":[34,38,718,756],"class_list":["post-46791","post","type-post","status-publish","format-standard","hentry","category-noticias-em-destaque","tag-andre-figueiredo","tag-pdt","tag-petrobras","tag-pre-sal"],"acf":[],"_links":{"self":[{"href":"https:\/\/pdt-rj.org.br\/index.php\/wp-json\/wp\/v2\/posts\/46791","targetHints":{"allow":["GET"]}}],"collection":[{"href":"https:\/\/pdt-rj.org.br\/index.php\/wp-json\/wp\/v2\/posts"}],"about":[{"href":"https:\/\/pdt-rj.org.br\/index.php\/wp-json\/wp\/v2\/types\/post"}],"author":[{"embeddable":true,"href":"https:\/\/pdt-rj.org.br\/index.php\/wp-json\/wp\/v2\/users\/17"}],"replies":[{"embeddable":true,"href":"https:\/\/pdt-rj.org.br\/index.php\/wp-json\/wp\/v2\/comments?post=46791"}],"version-history":[{"count":1,"href":"https:\/\/pdt-rj.org.br\/index.php\/wp-json\/wp\/v2\/posts\/46791\/revisions"}],"predecessor-version":[{"id":56264,"href":"https:\/\/pdt-rj.org.br\/index.php\/wp-json\/wp\/v2\/posts\/46791\/revisions\/56264"}],"wp:attachment":[{"href":"https:\/\/pdt-rj.org.br\/index.php\/wp-json\/wp\/v2\/media?parent=46791"}],"wp:term":[{"taxonomy":"category","embeddable":true,"href":"https:\/\/pdt-rj.org.br\/index.php\/wp-json\/wp\/v2\/categories?post=46791"},{"taxonomy":"post_tag","embeddable":true,"href":"https:\/\/pdt-rj.org.br\/index.php\/wp-json\/wp\/v2\/tags?post=46791"}],"curies":[{"name":"wp","href":"https:\/\/api.w.org\/{rel}","templated":true}]}}