{"id":46788,"date":"2016-08-09T12:59:56","date_gmt":"2016-08-09T15:59:56","guid":{"rendered":"http:\/\/pdt-rj.org.br\/?p=46788"},"modified":"2017-10-26T09:07:53","modified_gmt":"2017-10-26T11:07:53","slug":"candidatura-de-mae-e-filho-forma-chapa-puro-sangue-do-pdt-de-calmon-sc","status":"publish","type":"post","link":"https:\/\/pdt-rj.org.br\/index.php\/candidatura-de-mae-e-filho-forma-chapa-puro-sangue-do-pdt-de-calmon-sc\/","title":{"rendered":"Candidatura de m\u00e3e e filho forma chapa &#8216;puro-sangue&#8217; do PDT de Calmon (SC)"},"content":{"rendered":"<p><img loading=\"lazy\" decoding=\"async\" class=\"alignnone size-medium wp-image-46789 alignright\" src=\"http:\/\/pdt-rj.org.br\/wp-content\/uploads\/2016\/08\/IVONE-E-JADER-CALMON-12-PDT-300x196.jpg\" alt=\"IVONE-E-JADER---CALMON-12-PDT\" width=\"300\" height=\"196\" srcset=\"https:\/\/pdt-rj.org.br\/wp-content\/uploads\/2016\/08\/IVONE-E-JADER-CALMON-12-PDT-300x196.jpg 300w, https:\/\/pdt-rj.org.br\/wp-content\/uploads\/2016\/08\/IVONE-E-JADER-CALMON-12-PDT-100x65.jpg 100w, https:\/\/pdt-rj.org.br\/wp-content\/uploads\/2016\/08\/IVONE-E-JADER-CALMON-12-PDT-138x90.jpg 138w, https:\/\/pdt-rj.org.br\/wp-content\/uploads\/2016\/08\/IVONE-E-JADER-CALMON-12-PDT.jpg 729w\" sizes=\"auto, (max-width: 300px) 100vw, 300px\" \/>A emo\u00e7\u00e3o tomou conta da Conven\u00e7\u00e3o do PDT de Calmon, em Santa Catarina, que tem como prefeita a pedetista <strong><a href=\"https:\/\/pt-br.facebook.com\/ivone.mazuttidegeroni\">Ivone Mazutti De Geroni<\/a><\/strong>. A Conven\u00e7\u00e3o ocorreu na \u00faltima sexta-feira (05), no Centro de Eventos Leonel Brizola, onde cerca de 700 pessoas \u2013 mais de 20% dos eleitores do munic\u00edpio \u2013 aclamaram a candidatura de Ivone \u00e0 reelei\u00e7\u00e3o, tendo como companheiro de chapa seu filho J\u00e1der Mazutti De Geroni, como candidato a vice-prefeito.<\/p>\n<p>A chapa puro-sangue pedetista, composta por m\u00e3e e filho, foi ovacionada pelo p\u00fablico de Calmon, que j\u00e1 foi administrado, em dois mandatos, pelo atual coordenador Regional do PDT, Jo\u00e3o Batista De Geroni, marido de Ivone.<\/p>\n<p>A coliga\u00e7\u00e3o do munic\u00edpio \u00e9 formada por cinco partidos: PDT, PR, PSB, PPS e Democratas. Com o lema \u201cFazer Mais, Fazer Melhor, Fazer com o Povo\u201d, a campanha ter\u00e1 18 candidatos a vereador apoiando a dupla pedetista.<\/p>\n<p>O evento contou ainda com a presen\u00e7a de l\u00edderes pedetistas dos munic\u00edpios vizinhos de Ca\u00e7ador, Lebon R\u00e9gis e Timb\u00f3 Grande.<\/p>\n<!-- AddThis Advanced Settings generic via filter on the_content --><!-- AddThis Share Buttons generic via filter on the_content -->","protected":false},"excerpt":{"rendered":"<p>A emo\u00e7\u00e3o tomou conta da Conven\u00e7\u00e3o do PDT de Calmon, em Santa Catarina, que tem como prefeita a pedetista Ivone Mazutti De Geroni. A Conven\u00e7\u00e3o ocorreu na \u00faltima sexta-feira (05), no Centro de Eventos Leonel Brizola, onde cerca de 700 pessoas \u2013 mais de 20% dos eleitores do munic\u00edpio \u2013 aclamaram a candidatura de Ivone&#8230;<!-- AddThis Advanced Settings generic via filter on wp_trim_excerpt --><!-- AddThis Share Buttons generic via filter on wp_trim_excerpt --><\/p>\n","protected":false},"author":17,"featured_media":0,"comment_status":"closed","ping_status":"open","sticky":false,"template":"","format":"standard","meta":{"_monsterinsights_skip_tracking":false,"_monsterinsights_sitenote_active":false,"_monsterinsights_sitenote_note":"","_monsterinsights_sitenote_category":0,"_uf_show_specific_survey":0,"_uf_disable_surveys":false,"footnotes":""},"categories":[976],"tags":[1113,1114,1115,1116,38,811],"class_list":["post-46788","post","type-post","status-publish","format-standard","hentry","category-noticias-em-destaque","tag-ader-mazutti-de-geroni","tag-calmon","tag-chapa-puro-sangue","tag-ivone-mazutti-de-geroni","tag-pdt","tag-reeleicao"],"acf":[],"_links":{"self":[{"href":"https:\/\/pdt-rj.org.br\/index.php\/wp-json\/wp\/v2\/posts\/46788","targetHints":{"allow":["GET"]}}],"collection":[{"href":"https:\/\/pdt-rj.org.br\/index.php\/wp-json\/wp\/v2\/posts"}],"about":[{"href":"https:\/\/pdt-rj.org.br\/index.php\/wp-json\/wp\/v2\/types\/post"}],"author":[{"embeddable":true,"href":"https:\/\/pdt-rj.org.br\/index.php\/wp-json\/wp\/v2\/users\/17"}],"replies":[{"embeddable":true,"href":"https:\/\/pdt-rj.org.br\/index.php\/wp-json\/wp\/v2\/comments?post=46788"}],"version-history":[{"count":1,"href":"https:\/\/pdt-rj.org.br\/index.php\/wp-json\/wp\/v2\/posts\/46788\/revisions"}],"predecessor-version":[{"id":56265,"href":"https:\/\/pdt-rj.org.br\/index.php\/wp-json\/wp\/v2\/posts\/46788\/revisions\/56265"}],"wp:attachment":[{"href":"https:\/\/pdt-rj.org.br\/index.php\/wp-json\/wp\/v2\/media?parent=46788"}],"wp:term":[{"taxonomy":"category","embeddable":true,"href":"https:\/\/pdt-rj.org.br\/index.php\/wp-json\/wp\/v2\/categories?post=46788"},{"taxonomy":"post_tag","embeddable":true,"href":"https:\/\/pdt-rj.org.br\/index.php\/wp-json\/wp\/v2\/tags?post=46788"}],"curies":[{"name":"wp","href":"https:\/\/api.w.org\/{rel}","templated":true}]}}