{"id":46765,"date":"2016-08-08T19:27:56","date_gmt":"2016-08-08T22:27:56","guid":{"rendered":"http:\/\/pdt-rj.org.br\/?p=46765"},"modified":"2017-10-26T09:07:53","modified_gmt":"2017-10-26T11:07:53","slug":"deputado-heitor-junior-comanda-sessao-solene-em-alusao-ao-dia-nacional-da-vigilancia-sanitaria","status":"publish","type":"post","link":"https:\/\/pdt-rj.org.br\/index.php\/deputado-heitor-junior-comanda-sessao-solene-em-alusao-ao-dia-nacional-da-vigilancia-sanitaria\/","title":{"rendered":"Deputado Heitor J\u00fanior comanda sess\u00e3o solene em alus\u00e3o ao Dia Nacional da Vigil\u00e2ncia Sanit\u00e1ria"},"content":{"rendered":"<p><img loading=\"lazy\" decoding=\"async\" class=\"alignnone size-medium wp-image-46766 alignright\" src=\"http:\/\/pdt-rj.org.br\/wp-content\/uploads\/2016\/08\/Heitor-J\u00fanior-300x200.jpg\" alt=\"Heitor J\u00fanior\" width=\"300\" height=\"200\" srcset=\"https:\/\/pdt-rj.org.br\/wp-content\/uploads\/2016\/08\/Heitor-J\u00fanior-300x200.jpg 300w, https:\/\/pdt-rj.org.br\/wp-content\/uploads\/2016\/08\/Heitor-J\u00fanior-100x67.jpg 100w, https:\/\/pdt-rj.org.br\/wp-content\/uploads\/2016\/08\/Heitor-J\u00fanior-768x512.jpg 768w, https:\/\/pdt-rj.org.br\/wp-content\/uploads\/2016\/08\/Heitor-J\u00fanior-135x90.jpg 135w, https:\/\/pdt-rj.org.br\/wp-content\/uploads\/2016\/08\/Heitor-J\u00fanior.jpg 960w\" sizes=\"auto, (max-width: 300px) 100vw, 300px\" \/>A Assembleia Legislativa do Acre (Aleac) realizou nesse domingo (7) uma sess\u00e3o solene em alus\u00e3o ao Dia Nacional da Vigil\u00e2ncia Sanit\u00e1ria, celebrado no dia 5 de julho. O encontro foi solicitado pelo deputado estadual <strong><a href=\"http:\/\/heitorjunior.com.br\/\">Heitor J\u00fanior<\/a><\/strong>\u00a0(PDT).\u00a0A data\u00a0coincide com o dia do nascimento de Oswaldo Cruz, maior nome da hist\u00f3ria da vigil\u00e2ncia sanit\u00e1ria no Brasil.<\/p>\n<p>Na oportunidade, Heitor J\u00fanior ressaltou que a vigil\u00e2ncia sanit\u00e1ria \u00e9 uma pr\u00e1tica que condiciona as liberdades individuais aos interesses p\u00fablicos. Ele destacou ainda as a\u00e7\u00f5es realizadas no Estado no combate \u00e0s hepatites.<\/p>\n<p>&#8220;A atividade tem car\u00e1ter preventivo e atravessa todas as pr\u00e1ticas m\u00e9dicas, da preven\u00e7\u00e3o ao combate \u00e0s doen\u00e7as. Eu milito j\u00e1 faz algum tempo na \u00e1rea da sa\u00fade, principalmente na preven\u00e7\u00e3o e combate \u00e0s hepatites e por isso sei do compromisso com que os profissionais da Vigil\u00e2ncia Sanit\u00e1ria trabalham. S\u00e3o profissionais exemplares, que nos orgulham muito&#8221;, disse.<\/p>\n<p>A diretora da Vigil\u00e2ncia Sanit\u00e1ria do Estado, Albertina Costa, parabenizou os vigilantes sanit\u00e1rios e destacou a import\u00e2ncia desses profissionais para o bem-estar da sociedade. Ela frisou que \u00e9 a primeira vez que a Vigil\u00e2ncia Sanit\u00e1ria est\u00e1 sendo pautada em todo Brasil.<\/p>\n<p>Para Karla Baeta, representante da Ag\u00eancia Nacional de Vigil\u00e2ncia Sanit\u00e1ria no Acre (Anvisa), a Vigil\u00e2ncia Sanit\u00e1ria \u00e9 a porta de entrada do Sistema \u00danico de Sa\u00fade (SUS).<\/p>\n<p>&nbsp;<\/p>\n<!-- AddThis Advanced Settings generic via filter on the_content --><!-- AddThis Share Buttons generic via filter on the_content -->","protected":false},"excerpt":{"rendered":"<p>A Assembleia Legislativa do Acre (Aleac) realizou nesse domingo (7) uma sess\u00e3o solene em alus\u00e3o ao Dia Nacional da Vigil\u00e2ncia Sanit\u00e1ria, celebrado no dia 5 de julho. O encontro foi solicitado pelo deputado estadual Heitor J\u00fanior\u00a0(PDT).\u00a0A data\u00a0coincide com o dia do nascimento de Oswaldo Cruz, maior nome da hist\u00f3ria da vigil\u00e2ncia sanit\u00e1ria no Brasil. Na&#8230;<!-- AddThis Advanced Settings generic via filter on wp_trim_excerpt --><!-- AddThis Share Buttons generic via filter on wp_trim_excerpt --><\/p>\n","protected":false},"author":17,"featured_media":0,"comment_status":"closed","ping_status":"open","sticky":false,"template":"","format":"standard","meta":{"_monsterinsights_skip_tracking":false,"_monsterinsights_sitenote_active":false,"_monsterinsights_sitenote_note":"","_monsterinsights_sitenote_category":0,"_uf_show_specific_survey":0,"_uf_disable_surveys":false,"footnotes":""},"categories":[976],"tags":[1110,458,38],"class_list":["post-46765","post","type-post","status-publish","format-standard","hentry","category-noticias-em-destaque","tag-dia-nacional-da-vigilancia-sanitaria","tag-heitor-junior","tag-pdt"],"acf":[],"_links":{"self":[{"href":"https:\/\/pdt-rj.org.br\/index.php\/wp-json\/wp\/v2\/posts\/46765","targetHints":{"allow":["GET"]}}],"collection":[{"href":"https:\/\/pdt-rj.org.br\/index.php\/wp-json\/wp\/v2\/posts"}],"about":[{"href":"https:\/\/pdt-rj.org.br\/index.php\/wp-json\/wp\/v2\/types\/post"}],"author":[{"embeddable":true,"href":"https:\/\/pdt-rj.org.br\/index.php\/wp-json\/wp\/v2\/users\/17"}],"replies":[{"embeddable":true,"href":"https:\/\/pdt-rj.org.br\/index.php\/wp-json\/wp\/v2\/comments?post=46765"}],"version-history":[{"count":1,"href":"https:\/\/pdt-rj.org.br\/index.php\/wp-json\/wp\/v2\/posts\/46765\/revisions"}],"predecessor-version":[{"id":56267,"href":"https:\/\/pdt-rj.org.br\/index.php\/wp-json\/wp\/v2\/posts\/46765\/revisions\/56267"}],"wp:attachment":[{"href":"https:\/\/pdt-rj.org.br\/index.php\/wp-json\/wp\/v2\/media?parent=46765"}],"wp:term":[{"taxonomy":"category","embeddable":true,"href":"https:\/\/pdt-rj.org.br\/index.php\/wp-json\/wp\/v2\/categories?post=46765"},{"taxonomy":"post_tag","embeddable":true,"href":"https:\/\/pdt-rj.org.br\/index.php\/wp-json\/wp\/v2\/tags?post=46765"}],"curies":[{"name":"wp","href":"https:\/\/api.w.org\/{rel}","templated":true}]}}