{"id":46758,"date":"2016-08-08T16:56:53","date_gmt":"2016-08-08T19:56:53","guid":{"rendered":"http:\/\/pdt-rj.org.br\/?p=46758"},"modified":"2017-10-26T09:07:53","modified_gmt":"2017-10-26T11:07:53","slug":"projeto-de-afonso-motta-aumenta-numero-de-empregados-contratados-por-agricultor-familiar","status":"publish","type":"post","link":"https:\/\/pdt-rj.org.br\/index.php\/projeto-de-afonso-motta-aumenta-numero-de-empregados-contratados-por-agricultor-familiar\/","title":{"rendered":"Projeto de Afonso Motta aumenta n\u00famero de empregados contratados por agricultor familiar"},"content":{"rendered":"<p><img loading=\"lazy\" decoding=\"async\" class=\"alignnone size-medium wp-image-46759 alignright\" src=\"http:\/\/pdt-rj.org.br\/wp-content\/uploads\/2016\/08\/imgNoticia-1445369322989-225x300.jpg\" alt=\"Deputado Afonso Motta\" width=\"225\" height=\"300\" srcset=\"https:\/\/pdt-rj.org.br\/wp-content\/uploads\/2016\/08\/imgNoticia-1445369322989-225x300.jpg 225w, https:\/\/pdt-rj.org.br\/wp-content\/uploads\/2016\/08\/imgNoticia-1445369322989-75x100.jpg 75w, https:\/\/pdt-rj.org.br\/wp-content\/uploads\/2016\/08\/imgNoticia-1445369322989-68x90.jpg 68w, https:\/\/pdt-rj.org.br\/wp-content\/uploads\/2016\/08\/imgNoticia-1445369322989.jpg 450w\" sizes=\"auto, (max-width: 225px) 100vw, 225px\" \/>A Comiss\u00e3o de Agricultura, Pecu\u00e1ria, Abastecimento e Desenvolvimento Rural da C\u00e2mara analisa proposta que aumenta de 120 para 300 pessoas por dia no ano o limite de empregados que poder\u00e3o ser contratados para auxiliar o agricultor familiar em \u00e9pocas de safra. A medida est\u00e1 prevista no Projeto de Lei <a href=\"http:\/\/www.camara.gov.br\/proposicoesWeb\/fichadetramitacao?idProposicao=2079071\">4672\/16<\/a>, do deputado Afonso Motta (PDT-RS), e altera a Lei Org\u00e2nica da Seguridade Social (8.212\/91)\u00a0e a Lei de Benef\u00edcios da Previd\u00eancia Social (8.213\/91).<\/p>\n<p>A legisla\u00e7\u00e3o vigente fixa em 120 o n\u00famero de pessoas que podem prestar servi\u00e7o tempor\u00e1rio para o agricultor familiar, sem que este perca sua condi\u00e7\u00e3o de segurado especial da Previd\u00eancia Social.<\/p>\n<p>Para Afonso Motta, o atual quantitativo de pessoas por dia \u00e9 insuficiente frente \u00e0 realidade do meio rural. \u201cOs trabalhadores e pequenos produtores do campo necessitam de mais pessoas para auxili\u00e1-los a desempenhar as atividades do grupo familiar, em virtude da falta de escala de produ\u00e7\u00e3o e da utiliza\u00e7\u00e3o relativamente baixa de tecnologias voltadas ao aumento de produtividade\u201d, afirma.<\/p>\n<p>O projeto tramita em\u00a0car\u00e1ter conclusivo\u00a0e ser\u00e1 analisado, tamb\u00e9m, pelas comiss\u00f5es de Seguridade Social e Fam\u00edlia; de Finan\u00e7as e Tributa\u00e7\u00e3o; e de Constitui\u00e7\u00e3o e Justi\u00e7a e de Cidadania.<\/p>\n<!-- AddThis Advanced Settings generic via filter on the_content --><!-- AddThis Share Buttons generic via filter on the_content -->","protected":false},"excerpt":{"rendered":"<p>A Comiss\u00e3o de Agricultura, Pecu\u00e1ria, Abastecimento e Desenvolvimento Rural da C\u00e2mara analisa proposta que aumenta de 120 para 300 pessoas por dia no ano o limite de empregados que poder\u00e3o ser contratados para auxiliar o agricultor familiar em \u00e9pocas de safra. A medida est\u00e1 prevista no Projeto de Lei 4672\/16, do deputado Afonso Motta (PDT-RS),&#8230;<!-- AddThis Advanced Settings generic via filter on wp_trim_excerpt --><!-- AddThis Share Buttons generic via filter on wp_trim_excerpt --><\/p>\n","protected":false},"author":17,"featured_media":0,"comment_status":"closed","ping_status":"open","sticky":false,"template":"","format":"standard","meta":{"_monsterinsights_skip_tracking":false,"_monsterinsights_sitenote_active":false,"_monsterinsights_sitenote_note":"","_monsterinsights_sitenote_category":0,"_uf_show_specific_survey":0,"_uf_disable_surveys":false,"footnotes":""},"categories":[976],"tags":[96,38,1104],"class_list":["post-46758","post","type-post","status-publish","format-standard","hentry","category-noticias-em-destaque","tag-afonso-motta","tag-pdt","tag-previdencia-social"],"acf":[],"_links":{"self":[{"href":"https:\/\/pdt-rj.org.br\/index.php\/wp-json\/wp\/v2\/posts\/46758","targetHints":{"allow":["GET"]}}],"collection":[{"href":"https:\/\/pdt-rj.org.br\/index.php\/wp-json\/wp\/v2\/posts"}],"about":[{"href":"https:\/\/pdt-rj.org.br\/index.php\/wp-json\/wp\/v2\/types\/post"}],"author":[{"embeddable":true,"href":"https:\/\/pdt-rj.org.br\/index.php\/wp-json\/wp\/v2\/users\/17"}],"replies":[{"embeddable":true,"href":"https:\/\/pdt-rj.org.br\/index.php\/wp-json\/wp\/v2\/comments?post=46758"}],"version-history":[{"count":1,"href":"https:\/\/pdt-rj.org.br\/index.php\/wp-json\/wp\/v2\/posts\/46758\/revisions"}],"predecessor-version":[{"id":56269,"href":"https:\/\/pdt-rj.org.br\/index.php\/wp-json\/wp\/v2\/posts\/46758\/revisions\/56269"}],"wp:attachment":[{"href":"https:\/\/pdt-rj.org.br\/index.php\/wp-json\/wp\/v2\/media?parent=46758"}],"wp:term":[{"taxonomy":"category","embeddable":true,"href":"https:\/\/pdt-rj.org.br\/index.php\/wp-json\/wp\/v2\/categories?post=46758"},{"taxonomy":"post_tag","embeddable":true,"href":"https:\/\/pdt-rj.org.br\/index.php\/wp-json\/wp\/v2\/tags?post=46758"}],"curies":[{"name":"wp","href":"https:\/\/api.w.org\/{rel}","templated":true}]}}