{"id":46755,"date":"2016-08-08T16:41:18","date_gmt":"2016-08-08T19:41:18","guid":{"rendered":"http:\/\/pdt-rj.org.br\/?p=46755"},"modified":"2017-10-26T09:07:53","modified_gmt":"2017-10-26T11:07:53","slug":"candidato-a-reeleicao-vereador-wendel-gomides-enfatiza-avancos-em-gurupi-to","status":"publish","type":"post","link":"https:\/\/pdt-rj.org.br\/index.php\/candidato-a-reeleicao-vereador-wendel-gomides-enfatiza-avancos-em-gurupi-to\/","title":{"rendered":"Candidato \u00e0 reelei\u00e7\u00e3o, vereador Wendel Gomides enfatiza avan\u00e7os em Gurupi (TO)"},"content":{"rendered":"<p><img loading=\"lazy\" decoding=\"async\" class=\"alignnone size-medium wp-image-46756 alignright\" src=\"http:\/\/pdt-rj.org.br\/wp-content\/uploads\/2016\/08\/Wendel-Gomides-300x225.jpg\" alt=\"Wendel Gomides\" width=\"300\" height=\"225\" srcset=\"https:\/\/pdt-rj.org.br\/wp-content\/uploads\/2016\/08\/Wendel-Gomides-300x225.jpg 300w, https:\/\/pdt-rj.org.br\/wp-content\/uploads\/2016\/08\/Wendel-Gomides-100x75.jpg 100w, https:\/\/pdt-rj.org.br\/wp-content\/uploads\/2016\/08\/Wendel-Gomides-768x576.jpg 768w, https:\/\/pdt-rj.org.br\/wp-content\/uploads\/2016\/08\/Wendel-Gomides-120x90.jpg 120w, https:\/\/pdt-rj.org.br\/wp-content\/uploads\/2016\/08\/Wendel-Gomides.jpg 800w\" sizes=\"auto, (max-width: 300px) 100vw, 300px\" \/>O\u00a0nome do presidente da C\u00e2mara de Vereadores de Gurupi (TO), <strong><a href=\"https:\/\/www.facebook.com\/wendel.gomides?fref=ts\">Wendel Gomides<\/a><\/strong> (PDT), foi homologado como\u00a0candidato \u00e0 reelei\u00e7\u00e3o durante conven\u00e7\u00e3o do PDT realizada na \u00faltima sexta-feira (5). No evento, ele\u00a0destacou as transforma\u00e7\u00f5es que aconteceram no munic\u00edpio nos \u00faltimos anos e que fez parte desse trabalho, realizado pelo prefeito Laurez Moreira.<\/p>\n<p>Gomides\u00a0enfatizou que Gurupi<span class=\"text_exposed_show\"> \u00e9 uma nova cidade, com obras em todas as \u00e1reas como educa\u00e7\u00e3o, sa\u00fade, infraestrutura e que ainda h\u00e1 muito por fazer e por isso decidiu continuar a caminhar com Laurez.<\/span><\/p>\n<div class=\"text_exposed_show\">\n<p>O candidato tamb\u00e9m destacou que o bom funcionamento da cidade tem grande colabora\u00e7\u00e3o da equipe do prefeito e afirmou que Laurez foi feliz na escolha do seu secretariado que n\u00e3o mede esfor\u00e7os para realizar um bom trabalho e cumprimentou a todos na pessoa do secret\u00e1rio de infraestrutura, Gerson Oliveira. \u201cUma gest\u00e3o se faz assim: com planejamento e boa equipe\u201d, enfatizou.<\/p>\n<p>Para Wendel t\u00e3o importante quanto a equipe de secret\u00e1rios \u00e9 tamb\u00e9m o Legislativo que fiscaliza e auxilia o gestor a fazer uma boa administra\u00e7\u00e3o por isso a comunidade precisa fazer uma boa escolha e comenta que se p\u00f5e a disposi\u00e7\u00e3o do gurupiense para colaborar com as mudan\u00e7as e melhorias em Gurupi.<\/p>\n<\/div>\n<!-- AddThis Advanced Settings generic via filter on the_content --><!-- AddThis Share Buttons generic via filter on the_content -->","protected":false},"excerpt":{"rendered":"<p>O\u00a0nome do presidente da C\u00e2mara de Vereadores de Gurupi (TO), Wendel Gomides (PDT), foi homologado como\u00a0candidato \u00e0 reelei\u00e7\u00e3o durante conven\u00e7\u00e3o do PDT realizada na \u00faltima sexta-feira (5). No evento, ele\u00a0destacou as transforma\u00e7\u00f5es que aconteceram no munic\u00edpio nos \u00faltimos anos e que fez parte desse trabalho, realizado pelo prefeito Laurez Moreira. Gomides\u00a0enfatizou que Gurupi \u00e9 uma&#8230;<!-- AddThis Advanced Settings generic via filter on wp_trim_excerpt --><!-- AddThis Share Buttons generic via filter on wp_trim_excerpt --><\/p>\n","protected":false},"author":17,"featured_media":0,"comment_status":"closed","ping_status":"open","sticky":false,"template":"","format":"standard","meta":{"_monsterinsights_skip_tracking":false,"_monsterinsights_sitenote_active":false,"_monsterinsights_sitenote_note":"","_monsterinsights_sitenote_category":0,"_uf_show_specific_survey":0,"_uf_disable_surveys":false,"footnotes":""},"categories":[976],"tags":[338,1100,494,38,811,857,1103],"class_list":["post-46755","post","type-post","status-publish","format-standard","hentry","category-noticias-em-destaque","tag-educacao","tag-gurupi","tag-infraestrutura","tag-pdt","tag-reeleicao","tag-saude","tag-wendel-gomides"],"acf":[],"_links":{"self":[{"href":"https:\/\/pdt-rj.org.br\/index.php\/wp-json\/wp\/v2\/posts\/46755","targetHints":{"allow":["GET"]}}],"collection":[{"href":"https:\/\/pdt-rj.org.br\/index.php\/wp-json\/wp\/v2\/posts"}],"about":[{"href":"https:\/\/pdt-rj.org.br\/index.php\/wp-json\/wp\/v2\/types\/post"}],"author":[{"embeddable":true,"href":"https:\/\/pdt-rj.org.br\/index.php\/wp-json\/wp\/v2\/users\/17"}],"replies":[{"embeddable":true,"href":"https:\/\/pdt-rj.org.br\/index.php\/wp-json\/wp\/v2\/comments?post=46755"}],"version-history":[{"count":1,"href":"https:\/\/pdt-rj.org.br\/index.php\/wp-json\/wp\/v2\/posts\/46755\/revisions"}],"predecessor-version":[{"id":56270,"href":"https:\/\/pdt-rj.org.br\/index.php\/wp-json\/wp\/v2\/posts\/46755\/revisions\/56270"}],"wp:attachment":[{"href":"https:\/\/pdt-rj.org.br\/index.php\/wp-json\/wp\/v2\/media?parent=46755"}],"wp:term":[{"taxonomy":"category","embeddable":true,"href":"https:\/\/pdt-rj.org.br\/index.php\/wp-json\/wp\/v2\/categories?post=46755"},{"taxonomy":"post_tag","embeddable":true,"href":"https:\/\/pdt-rj.org.br\/index.php\/wp-json\/wp\/v2\/tags?post=46755"}],"curies":[{"name":"wp","href":"https:\/\/api.w.org\/{rel}","templated":true}]}}