{"id":46246,"date":"2016-08-03T18:14:38","date_gmt":"2016-08-03T21:14:38","guid":{"rendered":"http:\/\/pdt-rj.org.br\/?p=46246"},"modified":"2017-10-26T09:07:55","modified_gmt":"2017-10-26T11:07:55","slug":"andre-figueiredo-plp-257-e-um-pacote-de-maldades","status":"publish","type":"post","link":"https:\/\/pdt-rj.org.br\/index.php\/andre-figueiredo-plp-257-e-um-pacote-de-maldades\/","title":{"rendered":"Para Andr\u00e9 Figueiredo PLP 257 \u00e9 um &#8220;pacote de maldades&#8221;"},"content":{"rendered":"<p>O deputado federal Andr\u00e9 Figueiredo (PDT-CE) criticou, nessa ter\u00e7a-feira (2), o Projeto de Lei Complementar PLP 257\/2016, que trata da renegocia\u00e7\u00e3o das d\u00edvidas dos estados e do ajuste fiscal aplicado aos servidores p\u00fablicos. Ao criticar a proposta e aqueles que a defendem, ele afirmou que a medida\u00a0do Poder Executivo \u201c\u00e9 um \u2018pacote de maldades\u2019 que privilegia a l\u00f3gica do rentismo em uma busca incans\u00e1vel para aumentar a rentabilidade do sistema financeiro\u201d. Somente no \u00faltimo m\u00eas, disse o pedetista, a d\u00edvida p\u00fablica subiu 80%, \u201cmais um recorde infeliz\u201d, destacou.<\/p>\n<p>O deputado afirmou que \u00e9 not\u00f3rio que a d\u00edvida p\u00fablica \u00e9 hoje a principal vil\u00e3 que sangra os investimentos do pa\u00eds e que ela representa mais de R$ 962 bilh\u00f5es, segundo dados do Sistema Siga Brasil do Senado Federal (SIAFI) de 2015, ou, em termos mais simples, 45% de todos os rendimentos do pa\u00eds. \u201cA situa\u00e7\u00e3o nos estados e munic\u00edpios n\u00e3o \u00e9 diferente, a maioria deles sofre com a estagna\u00e7\u00e3o da economia e dificuldades financeiras\u201d, destacou.<\/p>\n<p>Entretanto, de acordo com Andr\u00e9 Figueiredo, as imposi\u00e7\u00f5es trazidas pela (PLP) 257\/2016, n\u00e3o s\u00e3o a solu\u00e7\u00e3o e entre as medidas prejudiciais est\u00e1 a impossibilidade de reajuste para servidores por dois anos e a eleva\u00e7\u00e3o da contribui\u00e7\u00e3o desses trabalhadores para a Previd\u00eancia Social.<\/p>\n<p>&#8220;Todos esses arremedos de arrocho e ajuste fiscal s\u00e3o uma forma de jogar para uma plateia um problema muito mais profundo. Ao colocar no mesmo patamar estados que j\u00e1 est\u00e3o completamente endividados com aqueles cuja d\u00edvida j\u00e1 foi paga, colocamos ambos em uma situa\u00e7\u00e3o de impor restri\u00e7\u00f5es ao funcionalismo e congelar sal\u00e1rios&#8221;, acusou o parlamentar.<\/p>\n<p>Al\u00e9m do parlamentar ceareanse, tamb\u00e9m j\u00e1 se pronunciaram contra a proposta a Central de Sindicatos Brasileiros (CSB), a Central \u00danica dos Trabalhadores (CUT), a Confedera\u00e7\u00e3o Nacional dos Trabalhadores em Educa\u00e7\u00e3o (CNTE), a Confedera\u00e7\u00e3o dos Trabalhadores no Servi\u00e7o P\u00fablico Federal (Condsef), o Sindicato dos Professores de S\u00e3o Paulo (Sinpro) e o Sindicato dos Trabalhadores em Escolas P\u00fablicas do Distrito Federal (SAE-DF).<\/p>\n<p>De acordo com a CSB, o PLP 257 representa &#8220;a nacionaliza\u00e7\u00e3o do arrocho fiscal, do desmante dos servi\u00e7os p\u00fablicos e do aprofundamento da crise&#8221;.<\/p>\n<p><strong>A mat\u00e9ria poder\u00e1 ser analisada ainda nesta semana em regime de urg\u00eancia.\u00a0<\/strong><\/p>\n<p>Confira a fala do deputado Andr\u00e9 Figueiredo:<\/p>\n<p><iframe loading=\"lazy\" title=\"Andr\u00e9 Figueiredo critica PLP 257\" width=\"640\" height=\"360\" src=\"https:\/\/www.youtube.com\/embed\/cxV_ldDj9Y8?feature=oembed\" frameborder=\"0\" allow=\"accelerometer; autoplay; clipboard-write; encrypted-media; gyroscope; picture-in-picture; web-share\" referrerpolicy=\"strict-origin-when-cross-origin\" allowfullscreen><\/iframe><\/p>\n<!-- AddThis Advanced Settings generic via filter on the_content --><!-- AddThis Share Buttons generic via filter on the_content -->","protected":false},"excerpt":{"rendered":"<p>O deputado federal Andr\u00e9 Figueiredo (PDT-CE) criticou, nessa ter\u00e7a-feira (2), o Projeto de Lei Complementar PLP 257\/2016, que trata da renegocia\u00e7\u00e3o das d\u00edvidas dos estados e do ajuste fiscal aplicado aos servidores p\u00fablicos. Ao criticar a proposta e aqueles que a defendem, ele afirmou que a medida\u00a0do Poder Executivo \u201c\u00e9 um \u2018pacote de maldades\u2019 que&#8230;<!-- AddThis Advanced Settings generic via filter on wp_trim_excerpt --><!-- AddThis Share Buttons generic via filter on wp_trim_excerpt --><\/p>\n","protected":false},"author":17,"featured_media":0,"comment_status":"closed","ping_status":"open","sticky":false,"template":"","format":"standard","meta":{"_monsterinsights_skip_tracking":false,"_monsterinsights_sitenote_active":false,"_monsterinsights_sitenote_note":"","_monsterinsights_sitenote_category":0,"_uf_show_specific_survey":0,"_uf_disable_surveys":false,"footnotes":""},"categories":[976],"tags":[34,1078,38,1079,1080],"class_list":["post-46246","post","type-post","status-publish","format-standard","hentry","category-noticias-em-destaque","tag-andre-figueiredo","tag-pacote-de-maldades","tag-pdt","tag-plp-2572016","tag-renegociacao-das-dividas-dos-estados"],"acf":[],"_links":{"self":[{"href":"https:\/\/pdt-rj.org.br\/index.php\/wp-json\/wp\/v2\/posts\/46246","targetHints":{"allow":["GET"]}}],"collection":[{"href":"https:\/\/pdt-rj.org.br\/index.php\/wp-json\/wp\/v2\/posts"}],"about":[{"href":"https:\/\/pdt-rj.org.br\/index.php\/wp-json\/wp\/v2\/types\/post"}],"author":[{"embeddable":true,"href":"https:\/\/pdt-rj.org.br\/index.php\/wp-json\/wp\/v2\/users\/17"}],"replies":[{"embeddable":true,"href":"https:\/\/pdt-rj.org.br\/index.php\/wp-json\/wp\/v2\/comments?post=46246"}],"version-history":[{"count":1,"href":"https:\/\/pdt-rj.org.br\/index.php\/wp-json\/wp\/v2\/posts\/46246\/revisions"}],"predecessor-version":[{"id":56288,"href":"https:\/\/pdt-rj.org.br\/index.php\/wp-json\/wp\/v2\/posts\/46246\/revisions\/56288"}],"wp:attachment":[{"href":"https:\/\/pdt-rj.org.br\/index.php\/wp-json\/wp\/v2\/media?parent=46246"}],"wp:term":[{"taxonomy":"category","embeddable":true,"href":"https:\/\/pdt-rj.org.br\/index.php\/wp-json\/wp\/v2\/categories?post=46246"},{"taxonomy":"post_tag","embeddable":true,"href":"https:\/\/pdt-rj.org.br\/index.php\/wp-json\/wp\/v2\/tags?post=46246"}],"curies":[{"name":"wp","href":"https:\/\/api.w.org\/{rel}","templated":true}]}}