{"id":46228,"date":"2016-08-03T15:25:38","date_gmt":"2016-08-03T18:25:38","guid":{"rendered":"http:\/\/pdt-rj.org.br\/?p=46228"},"modified":"2017-10-26T09:07:56","modified_gmt":"2017-10-26T11:07:56","slug":"camara-de-cubatao-sp-aprova-requerimento-do-vereador-agnaldo-araujo-para-programa-de-formacao-do-cuidador-de-idoso","status":"publish","type":"post","link":"https:\/\/pdt-rj.org.br\/index.php\/camara-de-cubatao-sp-aprova-requerimento-do-vereador-agnaldo-araujo-para-programa-de-formacao-do-cuidador-de-idoso\/","title":{"rendered":"C\u00e2mara de Cubat\u00e3o (SP) aprova requerimento do presidente Aguinaldo Ara\u00fajo para Programa de Forma\u00e7\u00e3o do Cuidador de Idoso"},"content":{"rendered":"<p><img loading=\"lazy\" decoding=\"async\" class=\"alignnone size-medium wp-image-46229 alignright\" src=\"http:\/\/pdt-rj.org.br\/wp-content\/uploads\/2016\/08\/Aguinaldo-Fotos-Michel3-300x199.jpg\" alt=\"Aguinaldo Fotos Michel3\" width=\"300\" height=\"199\" \/>C\u00e2mara Municipal de Cubat\u00e3o, S\u00e3o Paulo, aprovou, nessa ter\u00e7a-feira (2), requerimento do presidente da Casa, vereador Aguinaldo Ara\u00fajo (PDT), que solicita ao Poder Executivo Municipal a realiza\u00e7\u00e3o de um estudo para a implanta\u00e7\u00e3o do Programa de Forma\u00e7\u00e3o do Cuidador de Idoso no munic\u00edpio.\u00a0<\/p>\n<p>O Cuidador de Idoso \u00e9 o profissional que tem como atribui\u00e7\u00e3o os cuidados com a pessoa idosa no que diz respeito \u00e0 higiene, conforto, entretenimento, alimenta\u00e7\u00e3o, mobilidade e sa\u00fade, de modo a zelar por sua integridade f\u00edsica e social. Ele atua, ainda, na rela\u00e7\u00e3o entre o idoso, seus familiares e os integrantes da equipe profissional de sa\u00fade.<\/p>\n<p>No requerimento, aprovado em sess\u00e3o ordin\u00e1ria, o vereador destaca que o Estatuto do Idoso prev\u00ea, em suas diretrizes, leis de prote\u00e7\u00e3o \u00e0 terceira idade e o direito do idoso.<\/p>\n<p>\u00a0\u201cO pedido se faz necess\u00e1rio para incentivar a forma\u00e7\u00e3o de profissionais para cuidar de pessoas idosas em nosso munic\u00edpio\u201d, afirma Aguinaldo Ara\u00fajo.<\/p>\n<!-- AddThis Advanced Settings generic via filter on the_content --><!-- AddThis Share Buttons generic via filter on the_content -->","protected":false},"excerpt":{"rendered":"<p>C\u00e2mara Municipal de Cubat\u00e3o, S\u00e3o Paulo, aprovou, nessa ter\u00e7a-feira (2), requerimento do presidente da Casa, vereador Aguinaldo Ara\u00fajo (PDT), que solicita ao Poder Executivo Municipal a realiza\u00e7\u00e3o de um estudo para a implanta\u00e7\u00e3o do Programa de Forma\u00e7\u00e3o do Cuidador de Idoso no munic\u00edpio.\u00a0 O Cuidador de Idoso \u00e9 o profissional que tem como atribui\u00e7\u00e3o os&#8230;<!-- AddThis Advanced Settings generic via filter on wp_trim_excerpt --><!-- AddThis Share Buttons generic via filter on wp_trim_excerpt --><\/p>\n","protected":false},"author":17,"featured_media":0,"comment_status":"closed","ping_status":"open","sticky":false,"template":"","format":"standard","meta":{"_monsterinsights_skip_tracking":false,"_monsterinsights_sitenote_active":false,"_monsterinsights_sitenote_note":"","_monsterinsights_sitenote_category":0,"_uf_show_specific_survey":0,"_uf_disable_surveys":false,"footnotes":""},"categories":[976],"tags":[1014,38],"class_list":["post-46228","post","type-post","status-publish","format-standard","hentry","category-noticias-em-destaque","tag-agnaldo-araujo","tag-pdt"],"acf":[],"_links":{"self":[{"href":"https:\/\/pdt-rj.org.br\/index.php\/wp-json\/wp\/v2\/posts\/46228","targetHints":{"allow":["GET"]}}],"collection":[{"href":"https:\/\/pdt-rj.org.br\/index.php\/wp-json\/wp\/v2\/posts"}],"about":[{"href":"https:\/\/pdt-rj.org.br\/index.php\/wp-json\/wp\/v2\/types\/post"}],"author":[{"embeddable":true,"href":"https:\/\/pdt-rj.org.br\/index.php\/wp-json\/wp\/v2\/users\/17"}],"replies":[{"embeddable":true,"href":"https:\/\/pdt-rj.org.br\/index.php\/wp-json\/wp\/v2\/comments?post=46228"}],"version-history":[{"count":1,"href":"https:\/\/pdt-rj.org.br\/index.php\/wp-json\/wp\/v2\/posts\/46228\/revisions"}],"predecessor-version":[{"id":56290,"href":"https:\/\/pdt-rj.org.br\/index.php\/wp-json\/wp\/v2\/posts\/46228\/revisions\/56290"}],"wp:attachment":[{"href":"https:\/\/pdt-rj.org.br\/index.php\/wp-json\/wp\/v2\/media?parent=46228"}],"wp:term":[{"taxonomy":"category","embeddable":true,"href":"https:\/\/pdt-rj.org.br\/index.php\/wp-json\/wp\/v2\/categories?post=46228"},{"taxonomy":"post_tag","embeddable":true,"href":"https:\/\/pdt-rj.org.br\/index.php\/wp-json\/wp\/v2\/tags?post=46228"}],"curies":[{"name":"wp","href":"https:\/\/api.w.org\/{rel}","templated":true}]}}