{"id":46006,"date":"2016-08-02T12:54:25","date_gmt":"2016-08-02T15:54:25","guid":{"rendered":"http:\/\/pdt-rj.org.br\/?p=46006"},"modified":"2017-10-26T09:07:56","modified_gmt":"2017-10-26T11:07:56","slug":"prefeito-roberto-claudio-destaca-leis-para-organizacao-urbana-de-fortaleza","status":"publish","type":"post","link":"https:\/\/pdt-rj.org.br\/index.php\/prefeito-roberto-claudio-destaca-leis-para-organizacao-urbana-de-fortaleza\/","title":{"rendered":"Prefeito Roberto Cl\u00e1udio destaca leis para organiza\u00e7\u00e3o urbana de Fortaleza"},"content":{"rendered":"<p><img loading=\"lazy\" decoding=\"async\" class=\"alignnone size-medium wp-image-46007 alignleft\" src=\"http:\/\/pdt-rj.org.br\/wp-content\/uploads\/2016\/08\/IMG_7328-300x219.jpg\" alt=\"IMG_7328\" width=\"300\" height=\"219\" srcset=\"https:\/\/pdt-rj.org.br\/wp-content\/uploads\/2016\/08\/IMG_7328-300x219.jpg 300w, https:\/\/pdt-rj.org.br\/wp-content\/uploads\/2016\/08\/IMG_7328-100x73.jpg 100w, https:\/\/pdt-rj.org.br\/wp-content\/uploads\/2016\/08\/IMG_7328-768x561.jpg 768w, https:\/\/pdt-rj.org.br\/wp-content\/uploads\/2016\/08\/IMG_7328-123x90.jpg 123w, https:\/\/pdt-rj.org.br\/wp-content\/uploads\/2016\/08\/IMG_7328.jpg 1000w\" sizes=\"auto, (max-width: 300px) 100vw, 300px\" \/>O prefeito Roberto Cl\u00e1udio participou, nessa segunda-feira, 1\u00ba de agosto, da reabertura dos trabalhos da C\u00e2mara Municipal de Fortaleza. Na ocasi\u00e3o, ele destacou projetos de lei que est\u00e3o em tramita\u00e7\u00e3o na Casa e que ser\u00e3o objeto de an\u00e1lise dos vereadores. As propostas destacadas pelo prefeito tratam sobre urbanismo, meio ambiente e financiamento para a sustentabilidade da Capital.<\/p>\n<p>Roberto Cl\u00e1udio destacou cinco projetos de lei em tramita\u00e7\u00e3o na C\u00e2mara que s\u00e3o estrat\u00e9gicos para a cidade e cuja aprova\u00e7\u00e3o definir\u00e1 o desenho urbano e ambiental de Fortaleza: Lei de Uso e Ocupa\u00e7\u00e3o do Solo \u2013 focando no uso misto do solo de forma planejada\u2013, C\u00f3digo de Obras e Posturas, Pol\u00edtica Municipal do Meio Ambiente, garantindo sustentabilidade a essas a\u00e7\u00f5es, Ordenamento da Paisagem Urbana e Regulariza\u00e7\u00e3o de Edifica\u00e7\u00f5es.<\/p>\n<p>\u201cS\u00e3o legisla\u00e7\u00f5es important\u00edssimas, que ir\u00e3o estruturar praticamente toda a organiza\u00e7\u00e3o urbana de Fortaleza. Essa Casa \u00e9 a mais apropriada para realizar esse debate junto \u00e0 cidade, pois \u00e9 plural e democr\u00e1tica, com capacidade para promover uma ampla discuss\u00e3o para que aprovemos leis que tenham a cara da cidade, que representem o sentimento majorit\u00e1rio dos grupos de Fortaleza\u201d, defendeu o prefeito.<\/p>\n<p>De acordo com Roberto Cl\u00e1udio, a rela\u00e7\u00e3o entre os Poderes Executivo e Legislativo \u00e9 fundamental para o bom funcionamento da cidade.<\/p>\n<p>\u201cGrande parte das rela\u00e7\u00f5es da cidade s\u00f3 s\u00e3o poss\u00edveis gra\u00e7as a uma rela\u00e7\u00e3o harmoniosa e contributiva entre os poderes. O Executivo tem recebido desta Casa apoio, sugest\u00f5es e justas cr\u00edticas que t\u00eam nos ajudado a melhorar nossa presen\u00e7a administrativa na cidade. Grande parte dos nossos acertos na cidade vem desse di\u00e1logo muito pr\u00f3ximo entre C\u00e2mara, por interm\u00e9dio dos vereadores e o Executivo\u201d.<\/p>\n<p>O prefeito Roberto Cl\u00e1udio tamb\u00e9m encaminhou uma nova proposta de legisla\u00e7\u00e3o que autoriza o financiamento de US$ 73 milh\u00f5es (equivalente a cerca de R$ 250 milh\u00f5es) do Banco Mundial para projetos na \u00e1rea de meio ambiente e sustentabilidade.<\/p>\n<p>&nbsp;<\/p>\n<!-- AddThis Advanced Settings generic via filter on the_content --><!-- AddThis Share Buttons generic via filter on the_content -->","protected":false},"excerpt":{"rendered":"<p>O prefeito Roberto Cl\u00e1udio participou, nessa segunda-feira, 1\u00ba de agosto, da reabertura dos trabalhos da C\u00e2mara Municipal de Fortaleza. Na ocasi\u00e3o, ele destacou projetos de lei que est\u00e3o em tramita\u00e7\u00e3o na Casa e que ser\u00e3o objeto de an\u00e1lise dos vereadores. As propostas destacadas pelo prefeito tratam sobre urbanismo, meio ambiente e financiamento para a sustentabilidade&#8230;<!-- AddThis Advanced Settings generic via filter on wp_trim_excerpt --><!-- AddThis Share Buttons generic via filter on wp_trim_excerpt --><\/p>\n","protected":false},"author":17,"featured_media":0,"comment_status":"closed","ping_status":"open","sticky":false,"template":"","format":"standard","meta":{"_monsterinsights_skip_tracking":false,"_monsterinsights_sitenote_active":false,"_monsterinsights_sitenote_note":"","_monsterinsights_sitenote_category":0,"_uf_show_specific_survey":0,"_uf_disable_surveys":false,"footnotes":""},"categories":[976],"tags":[1071,1072,38,836,1073,1074,1075],"class_list":["post-46006","post","type-post","status-publish","format-standard","hentry","category-noticias-em-destaque","tag-fortaleza","tag-meio-ambiente","tag-pdt","tag-roberto-claudio","tag-sustentabilidade","tag-urbanismo","tag-urbanizacao"],"acf":[],"_links":{"self":[{"href":"https:\/\/pdt-rj.org.br\/index.php\/wp-json\/wp\/v2\/posts\/46006","targetHints":{"allow":["GET"]}}],"collection":[{"href":"https:\/\/pdt-rj.org.br\/index.php\/wp-json\/wp\/v2\/posts"}],"about":[{"href":"https:\/\/pdt-rj.org.br\/index.php\/wp-json\/wp\/v2\/types\/post"}],"author":[{"embeddable":true,"href":"https:\/\/pdt-rj.org.br\/index.php\/wp-json\/wp\/v2\/users\/17"}],"replies":[{"embeddable":true,"href":"https:\/\/pdt-rj.org.br\/index.php\/wp-json\/wp\/v2\/comments?post=46006"}],"version-history":[{"count":1,"href":"https:\/\/pdt-rj.org.br\/index.php\/wp-json\/wp\/v2\/posts\/46006\/revisions"}],"predecessor-version":[{"id":56291,"href":"https:\/\/pdt-rj.org.br\/index.php\/wp-json\/wp\/v2\/posts\/46006\/revisions\/56291"}],"wp:attachment":[{"href":"https:\/\/pdt-rj.org.br\/index.php\/wp-json\/wp\/v2\/media?parent=46006"}],"wp:term":[{"taxonomy":"category","embeddable":true,"href":"https:\/\/pdt-rj.org.br\/index.php\/wp-json\/wp\/v2\/categories?post=46006"},{"taxonomy":"post_tag","embeddable":true,"href":"https:\/\/pdt-rj.org.br\/index.php\/wp-json\/wp\/v2\/tags?post=46006"}],"curies":[{"name":"wp","href":"https:\/\/api.w.org\/{rel}","templated":true}]}}