{"id":44992,"date":"2016-07-27T18:47:06","date_gmt":"2016-07-27T21:47:06","guid":{"rendered":"http:\/\/pdt-rj.org.br\/?p=44992"},"modified":"2017-10-26T09:07:58","modified_gmt":"2017-10-26T11:07:58","slug":"andre-figueiredo-critica-propostas-de-reformas-trabalhista-e-previdenciaria","status":"publish","type":"post","link":"https:\/\/pdt-rj.org.br\/index.php\/andre-figueiredo-critica-propostas-de-reformas-trabalhista-e-previdenciaria\/","title":{"rendered":"Andr\u00e9 Figueiredo critica reformas trabalhista e previdenci\u00e1ria de Temer"},"content":{"rendered":"<p>O deputado federal Andr\u00e9 Figueiredo (PDT-CE) criticou,\u00a0nesta quarta-feira (27), as propostas de reformas trabalhista e previdenci\u00e1ria formuladas pelo governo interino de Michel Temer. Os coment\u00e1rios foram feitos, em Fortaleza (CE), durante entrevista para o programa Contexto Geral, da Rede Uni\u00e3o. O parlamentar tamb\u00e9m analisou o impeachment da presidente Dilma Rousseff, o impacto da manuten\u00e7\u00e3o da elevada taxa de juros no Brasil e o processo eleitoral no estado.<\/p>\n<p>A entrevista abordou ainda a trajet\u00f3ria do parlamentar \u00e0 frente do Minist\u00e9rio das Comunica\u00e7\u00f5es, com destaque para as a\u00e7\u00f5es voltadas para a democratiza\u00e7\u00e3o da informa\u00e7\u00e3o e universaliza\u00e7\u00e3o do acesso \u00e0 internet, que fazem parte das medidas de inclus\u00e3o social.<\/p>\n<p>Nessa \u00e1rea, que abrange a assist\u00eancia \u00e0 popula\u00e7\u00e3o de baixa renda, ele foi enf\u00e1tico: &#8220;\u00c9 preciso dar alternativas, principalmente, para os jovens atrav\u00e9s da qualifica\u00e7\u00e3o profissional e da gera\u00e7\u00e3o de oportunidades. S\u00e3o pol\u00edticas efetivas, e inovadoras, para a integra\u00e7\u00e3o e desenvolvimento da sociedade&#8221;, exaltou o deputado, que \u00e9 presidente do PDT no Cear\u00e1.<\/p>\n<p>Esse conte\u00fado ser\u00e1 exibido no primeiro domingo de agosto, dia 7, \u00e0s 22 horas. Ao longo da semana, haver\u00e3o duas reprises: na ter\u00e7a (9\/8) e quinta-feira (11\/8), no mesmo hor\u00e1rio.<\/p>\n<p>A TV Uni\u00e3o est\u00e1 dispon\u00edvel, no Cear\u00e1, no sinal aberto pelo canal 17 (UHF) e, no digital, pelo 18 (UHF). Na TV por assinatura, o telespectador poder\u00e1 assistir na Net, pelo canal 17, e na Multiplay, pelo 21. J\u00e1 o internauta poder\u00e1 acessar pelo site: <a href=\"http:\/\/www.redeuniao.com.br\">www.redeuniao.com.br<\/a><\/p>\n<!-- AddThis Advanced Settings generic via filter on the_content --><!-- AddThis Share Buttons generic via filter on the_content -->","protected":false},"excerpt":{"rendered":"<p>O deputado federal Andr\u00e9 Figueiredo (PDT-CE) criticou,\u00a0nesta quarta-feira (27), as propostas de reformas trabalhista e previdenci\u00e1ria formuladas pelo governo interino de Michel Temer. Os coment\u00e1rios foram feitos, em Fortaleza (CE), durante entrevista para o programa Contexto Geral, da Rede Uni\u00e3o. O parlamentar tamb\u00e9m analisou o impeachment da presidente Dilma Rousseff, o impacto da manuten\u00e7\u00e3o da&#8230;<!-- AddThis Advanced Settings generic via filter on wp_trim_excerpt --><!-- AddThis Share Buttons generic via filter on wp_trim_excerpt --><\/p>\n","protected":false},"author":17,"featured_media":44993,"comment_status":"closed","ping_status":"open","sticky":false,"template":"","format":"standard","meta":{"_monsterinsights_skip_tracking":false,"_monsterinsights_sitenote_active":false,"_monsterinsights_sitenote_note":"","_monsterinsights_sitenote_category":0,"_uf_show_specific_survey":0,"_uf_disable_surveys":false,"footnotes":""},"categories":[1459,1401,976],"tags":[34,38],"class_list":["post-44992","post","type-post","status-publish","format-standard","has-post-thumbnail","hentry","category-congresso","category-nacional","category-noticias-em-destaque","tag-andre-figueiredo","tag-pdt"],"acf":[],"_links":{"self":[{"href":"https:\/\/pdt-rj.org.br\/index.php\/wp-json\/wp\/v2\/posts\/44992","targetHints":{"allow":["GET"]}}],"collection":[{"href":"https:\/\/pdt-rj.org.br\/index.php\/wp-json\/wp\/v2\/posts"}],"about":[{"href":"https:\/\/pdt-rj.org.br\/index.php\/wp-json\/wp\/v2\/types\/post"}],"author":[{"embeddable":true,"href":"https:\/\/pdt-rj.org.br\/index.php\/wp-json\/wp\/v2\/users\/17"}],"replies":[{"embeddable":true,"href":"https:\/\/pdt-rj.org.br\/index.php\/wp-json\/wp\/v2\/comments?post=44992"}],"version-history":[{"count":1,"href":"https:\/\/pdt-rj.org.br\/index.php\/wp-json\/wp\/v2\/posts\/44992\/revisions"}],"predecessor-version":[{"id":56308,"href":"https:\/\/pdt-rj.org.br\/index.php\/wp-json\/wp\/v2\/posts\/44992\/revisions\/56308"}],"wp:featuredmedia":[{"embeddable":true,"href":"https:\/\/pdt-rj.org.br\/index.php\/wp-json\/wp\/v2\/media\/44993"}],"wp:attachment":[{"href":"https:\/\/pdt-rj.org.br\/index.php\/wp-json\/wp\/v2\/media?parent=44992"}],"wp:term":[{"taxonomy":"category","embeddable":true,"href":"https:\/\/pdt-rj.org.br\/index.php\/wp-json\/wp\/v2\/categories?post=44992"},{"taxonomy":"post_tag","embeddable":true,"href":"https:\/\/pdt-rj.org.br\/index.php\/wp-json\/wp\/v2\/tags?post=44992"}],"curies":[{"name":"wp","href":"https:\/\/api.w.org\/{rel}","templated":true}]}}