{"id":44984,"date":"2016-07-27T12:26:29","date_gmt":"2016-07-27T15:26:29","guid":{"rendered":"http:\/\/pdt-rj.org.br\/?p=44984"},"modified":"2017-10-26T09:07:58","modified_gmt":"2017-10-26T11:07:58","slug":"pdt-reune-centenas-de-jovens-para-debater-evolucao-de-fortaleza","status":"publish","type":"post","link":"https:\/\/pdt-rj.org.br\/index.php\/pdt-reune-centenas-de-jovens-para-debater-evolucao-de-fortaleza\/","title":{"rendered":"PDT re\u00fane jovens para debater evolu\u00e7\u00e3o de Fortaleza"},"content":{"rendered":"<p><img loading=\"lazy\" decoding=\"async\" class=\"alignnone size-medium wp-image-44987 alignright\" src=\"http:\/\/pdt-rj.org.br\/wp-content\/uploads\/2016\/07\/Andr\u00e9-Figueiredo-Roberto-Cl\u00e1udio-e-jovens-300x195.jpg\" alt=\"Andr\u00e9-Figueiredo,-Roberto-Cl\u00e1udio-e-jovens\" width=\"300\" height=\"195\" srcset=\"https:\/\/pdt-rj.org.br\/wp-content\/uploads\/2016\/07\/Andr\u00e9-Figueiredo-Roberto-Cl\u00e1udio-e-jovens-300x195.jpg 300w, https:\/\/pdt-rj.org.br\/wp-content\/uploads\/2016\/07\/Andr\u00e9-Figueiredo-Roberto-Cl\u00e1udio-e-jovens-100x65.jpg 100w, https:\/\/pdt-rj.org.br\/wp-content\/uploads\/2016\/07\/Andr\u00e9-Figueiredo-Roberto-Cl\u00e1udio-e-jovens-138x90.jpg 138w, https:\/\/pdt-rj.org.br\/wp-content\/uploads\/2016\/07\/Andr\u00e9-Figueiredo-Roberto-Cl\u00e1udio-e-jovens.jpg 729w\" sizes=\"auto, (max-width: 300px) 100vw, 300px\" \/>Centenas de jovens reunidos para dialogar sobre a Fortaleza que desejam. Em um formato informal e participativo, o deputado federal e presidente do PDT no Cear\u00e1, <strong><a href=\"http:\/\/www.andrefigueiredo.net\/noticias\/pdt-reune-centenas-de-jovens-para-debater-evolucao-de-fortaleza\/\">Andr\u00e9 Figueiredo<\/a><\/strong>, acompanhado do prefeito da capital cearense, Roberto Cl\u00e1udio, debateu nessa ter\u00e7a-feira\u00a0(26) propostas para garantir a manuten\u00e7\u00e3o da evolu\u00e7\u00e3o da capital do estado, com destaque para temas relacionados \u00e0 sa\u00fade, educa\u00e7\u00e3o, trabalho, infraestrutura e seguran\u00e7a.<\/p>\n<p>Promovido na sede municipal do partido e mediado pelo secret\u00e1rio da Juventude de Fortaleza, <strong><a href=\"https:\/\/www.facebook.com\/juliobrizzi12\/\">J\u00falio Brizzi<\/a><\/strong> (PDT), o evento permitiu ainda a troca de informa\u00e7\u00f5es sobre o hist\u00f3rico de a\u00e7\u00f5es promovidas pela prefeitura ao longo dos \u00faltimos anos, com destaque para a constru\u00e7\u00e3o de postos de sa\u00fade, escolas e pra\u00e7as em todas as regi\u00f5es da cidade, bem como a qualifica\u00e7\u00e3o profissional e a gera\u00e7\u00e3o de renda.<\/p>\n<p>Ao valorizar a qualidade da gest\u00e3o pedetista diante da supera\u00e7\u00e3o de dificuldades encontradas, sendo muitas herdadas de administra\u00e7\u00f5es anteriores, o deputado cearense, que tamb\u00e9m foi l\u00edder estudantil e presidente da Juventude Socialista no Cear\u00e1, destacou o comprometimento com o desenvolvimento estrutural da capital associado com pol\u00edticas sociais eficientes.<\/p>\n<p>\u201cRoberto Cl\u00e1udio \u00e9 um exemplo de aten\u00e7\u00e3o para a causa dos jovens, por isso \u00e9 um dos mais bem avaliados do pa\u00eds. Pelos Cucas (Centro Urbanos de Cultura, Arte, Ci\u00eancia e Esporte), n\u00f3s percebemos como esse gestor est\u00e1 comprometido com essa faixa t\u00e3o diversificada da popula\u00e7\u00e3o\u201d, comentou.<\/p>\n<p>Leia a mat\u00e9ria completa <a href=\"http:\/\/www.andrefigueiredo.net\/noticias\/pdt-reune-centenas-de-jovens-para-debater-evolucao-de-fortaleza\/\">aqui<\/a>.<\/p>\n<!-- AddThis Advanced Settings generic via filter on the_content --><!-- AddThis Share Buttons generic via filter on the_content -->","protected":false},"excerpt":{"rendered":"<p>Centenas de jovens reunidos para dialogar sobre a Fortaleza que desejam. Em um formato informal e participativo, o deputado federal e presidente do PDT no Cear\u00e1, Andr\u00e9 Figueiredo, acompanhado do prefeito da capital cearense, Roberto Cl\u00e1udio, debateu nessa ter\u00e7a-feira\u00a0(26) propostas para garantir a manuten\u00e7\u00e3o da evolu\u00e7\u00e3o da capital do estado, com destaque para temas relacionados&#8230;<!-- AddThis Advanced Settings generic via filter on wp_trim_excerpt --><!-- AddThis Share Buttons generic via filter on wp_trim_excerpt --><\/p>\n","protected":false},"author":17,"featured_media":0,"comment_status":"closed","ping_status":"open","sticky":false,"template":"","format":"standard","meta":{"_monsterinsights_skip_tracking":false,"_monsterinsights_sitenote_active":false,"_monsterinsights_sitenote_note":"","_monsterinsights_sitenote_category":0,"_uf_show_specific_survey":0,"_uf_disable_surveys":false,"footnotes":""},"categories":[976],"tags":[119,539,38,836],"class_list":["post-44984","post","type-post","status-publish","format-standard","hentry","category-noticias-em-destaque","tag-andre-figueredo","tag-juventude-socialista","tag-pdt","tag-roberto-claudio"],"acf":[],"_links":{"self":[{"href":"https:\/\/pdt-rj.org.br\/index.php\/wp-json\/wp\/v2\/posts\/44984","targetHints":{"allow":["GET"]}}],"collection":[{"href":"https:\/\/pdt-rj.org.br\/index.php\/wp-json\/wp\/v2\/posts"}],"about":[{"href":"https:\/\/pdt-rj.org.br\/index.php\/wp-json\/wp\/v2\/types\/post"}],"author":[{"embeddable":true,"href":"https:\/\/pdt-rj.org.br\/index.php\/wp-json\/wp\/v2\/users\/17"}],"replies":[{"embeddable":true,"href":"https:\/\/pdt-rj.org.br\/index.php\/wp-json\/wp\/v2\/comments?post=44984"}],"version-history":[{"count":1,"href":"https:\/\/pdt-rj.org.br\/index.php\/wp-json\/wp\/v2\/posts\/44984\/revisions"}],"predecessor-version":[{"id":56309,"href":"https:\/\/pdt-rj.org.br\/index.php\/wp-json\/wp\/v2\/posts\/44984\/revisions\/56309"}],"wp:attachment":[{"href":"https:\/\/pdt-rj.org.br\/index.php\/wp-json\/wp\/v2\/media?parent=44984"}],"wp:term":[{"taxonomy":"category","embeddable":true,"href":"https:\/\/pdt-rj.org.br\/index.php\/wp-json\/wp\/v2\/categories?post=44984"},{"taxonomy":"post_tag","embeddable":true,"href":"https:\/\/pdt-rj.org.br\/index.php\/wp-json\/wp\/v2\/tags?post=44984"}],"curies":[{"name":"wp","href":"https:\/\/api.w.org\/{rel}","templated":true}]}}