{"id":44976,"date":"2016-07-27T12:04:53","date_gmt":"2016-07-27T15:04:53","guid":{"rendered":"http:\/\/pdt-rj.org.br\/?p=44976"},"modified":"2017-10-26T09:07:58","modified_gmt":"2017-10-26T11:07:58","slug":"entrevista-com-ciro-ao-vivo-nesta-quarta-as-20h-na-carta-capital","status":"publish","type":"post","link":"https:\/\/pdt-rj.org.br\/index.php\/entrevista-com-ciro-ao-vivo-nesta-quarta-as-20h-na-carta-capital\/","title":{"rendered":"Entrevista com Ciro ao vivo, nesta quarta, \u00e0s 20h, na Carta Capital"},"content":{"rendered":"<p>Ciro Gomes, pr\u00e9 candidato \u00e0\u00a0Presid\u00eancia da Rep\u00fablica pelo PDT em 2018, ser\u00e1 entrevistado nesta quarta-feira (27), \u00e0s 20h, pelo jornalista Mino Carta, Diretor de Reda\u00e7\u00e3o da revista Carta Capital.\u00a0<\/p>\n<div>A entrevista ser\u00e1 exibida ao vivo, atrav\u00e9s de link a ser disponibilizado no site da revista. Na pauta, golpe, economia e tudo sobre os \u00faltimos acontecimentos pol\u00edticos que mexem com o Brasil e o mundo.<\/div>\n<!-- AddThis Advanced Settings generic via filter on the_content --><!-- AddThis Share Buttons generic via filter on the_content -->","protected":false},"excerpt":{"rendered":"<p>Ciro Gomes, pr\u00e9 candidato \u00e0\u00a0Presid\u00eancia da Rep\u00fablica pelo PDT em 2018, ser\u00e1 entrevistado nesta quarta-feira (27), \u00e0s 20h, pelo jornalista Mino Carta, Diretor de Reda\u00e7\u00e3o da revista Carta Capital.\u00a0 A entrevista ser\u00e1 exibida ao vivo, atrav\u00e9s de link a ser disponibilizado no site da revista. Na pauta, golpe, economia e tudo sobre os \u00faltimos acontecimentos&#8230;<!-- AddThis Advanced Settings generic via filter on wp_trim_excerpt --><!-- AddThis Share Buttons generic via filter on wp_trim_excerpt --><\/p>\n","protected":false},"author":17,"featured_media":0,"comment_status":"closed","ping_status":"open","sticky":false,"template":"","format":"standard","meta":{"_monsterinsights_skip_tracking":false,"_monsterinsights_sitenote_active":false,"_monsterinsights_sitenote_note":"","_monsterinsights_sitenote_category":0,"_uf_show_specific_survey":0,"_uf_disable_surveys":false,"footnotes":""},"categories":[976],"tags":[],"class_list":["post-44976","post","type-post","status-publish","format-standard","hentry","category-noticias-em-destaque"],"acf":[],"_links":{"self":[{"href":"https:\/\/pdt-rj.org.br\/index.php\/wp-json\/wp\/v2\/posts\/44976","targetHints":{"allow":["GET"]}}],"collection":[{"href":"https:\/\/pdt-rj.org.br\/index.php\/wp-json\/wp\/v2\/posts"}],"about":[{"href":"https:\/\/pdt-rj.org.br\/index.php\/wp-json\/wp\/v2\/types\/post"}],"author":[{"embeddable":true,"href":"https:\/\/pdt-rj.org.br\/index.php\/wp-json\/wp\/v2\/users\/17"}],"replies":[{"embeddable":true,"href":"https:\/\/pdt-rj.org.br\/index.php\/wp-json\/wp\/v2\/comments?post=44976"}],"version-history":[{"count":1,"href":"https:\/\/pdt-rj.org.br\/index.php\/wp-json\/wp\/v2\/posts\/44976\/revisions"}],"predecessor-version":[{"id":56310,"href":"https:\/\/pdt-rj.org.br\/index.php\/wp-json\/wp\/v2\/posts\/44976\/revisions\/56310"}],"wp:attachment":[{"href":"https:\/\/pdt-rj.org.br\/index.php\/wp-json\/wp\/v2\/media?parent=44976"}],"wp:term":[{"taxonomy":"category","embeddable":true,"href":"https:\/\/pdt-rj.org.br\/index.php\/wp-json\/wp\/v2\/categories?post=44976"},{"taxonomy":"post_tag","embeddable":true,"href":"https:\/\/pdt-rj.org.br\/index.php\/wp-json\/wp\/v2\/tags?post=44976"}],"curies":[{"name":"wp","href":"https:\/\/api.w.org\/{rel}","templated":true}]}}