{"id":44911,"date":"2016-07-25T15:16:57","date_gmt":"2016-07-25T18:16:57","guid":{"rendered":"http:\/\/pdt-rj.org.br\/?p=44911"},"modified":"2017-10-26T09:07:59","modified_gmt":"2017-10-26T11:07:59","slug":"projeto-de-pompeo-de-mattos-obriga-definicao-de-piso-salarial-igual-ou-superior-ao-salario-minimo-regional","status":"publish","type":"post","link":"https:\/\/pdt-rj.org.br\/index.php\/projeto-de-pompeo-de-mattos-obriga-definicao-de-piso-salarial-igual-ou-superior-ao-salario-minimo-regional\/","title":{"rendered":"Projeto de Pompeo de Mattos obriga defini\u00e7\u00e3o de piso salarial igual ou superior ao sal\u00e1rio m\u00ednimo regional"},"content":{"rendered":"<p><img loading=\"lazy\" decoding=\"async\" class=\"alignnone size-medium wp-image-44913 alignright\" src=\"http:\/\/pdt-rj.org.br\/wp-content\/uploads\/2016\/07\/Deputado-Pompeo-de-Mattos-300x200.jpg\" alt=\"Deputado Pompeo de Mattos\" width=\"300\" height=\"200\" srcset=\"https:\/\/pdt-rj.org.br\/wp-content\/uploads\/2016\/07\/Deputado-Pompeo-de-Mattos-300x200.jpg 300w, https:\/\/pdt-rj.org.br\/wp-content\/uploads\/2016\/07\/Deputado-Pompeo-de-Mattos-100x67.jpg 100w, https:\/\/pdt-rj.org.br\/wp-content\/uploads\/2016\/07\/Deputado-Pompeo-de-Mattos-768x511.jpg 768w, https:\/\/pdt-rj.org.br\/wp-content\/uploads\/2016\/07\/Deputado-Pompeo-de-Mattos-135x90.jpg 135w, https:\/\/pdt-rj.org.br\/wp-content\/uploads\/2016\/07\/Deputado-Pompeo-de-Mattos.jpg 800w\" sizes=\"auto, (max-width: 300px) 100vw, 300px\" \/>A C\u00e2mara dos Deputados analisa proposta do deputado <strong><a href=\"http:\/\/pompeo.com.br\/\">Pompeo de Mattos<\/a><\/strong> (PDT-RS) que obriga conven\u00e7\u00f5es e acordos coletivos de trabalho a estabelecerem pisos salariais, pelo menos, em valor igual ou superior ao do sal\u00e1rio m\u00ednimo regional definido por estados e pelo Distrito Federal.<\/p>\n<p>O Projeto de Lei Complementar <strong><a href=\"http:\/\/www.camara.gov.br\/proposicoesWeb\/fichadetramitacao?idProposicao=996907\">(PLP) 28\/15<\/a><\/strong>, afirma que a coexist\u00eancia de pisos salariais diferentes para uma mesma categoria em uma mesma regi\u00e3o leva a preval\u00eancia do inferior (negociado) sobre o superior (legislado). \u00c9 o caso, observa o deputado, de um piso fixado por meio de um acordo coletivo que s\u00f3 alcan\u00e7a a empresa acordante e o sindicato profissional da respectiva categoria.<\/p>\n<p>\u201cComo esse piso negociado n\u00e3o alcan\u00e7a os demais trabalhadores que n\u00e3o s\u00e3o empregados da empresa acordante, se o valor negociado for inferior ao fixado em lei estadual, apenas por decis\u00e3o judicial a empresa estaria obrigada a conceder o novo piso mais favor\u00e1vel ao trabalhador\u201d, argumenta Mattos.<\/p>\n<p>O projeto modifica a Lei Complementar 103\/00, que autoriza os estados e o Distrito Federal a institu\u00edrem pisos salariais regionais, considerando diferen\u00e7as nos custos de vida entre os estados e a capacidade financeira de cada ente federado de pagar valores acima do m\u00ednimo nacionalmente unificado.<\/p>\n<p>A proposta deixa de fora, contudo, os trabalhadores que t\u00eam o piso estabelecido por lei federal. Isso ocorre, geralmente, com empregados vinculados a uma profiss\u00e3o espec\u00edfica.<\/p>\n<p><strong>Tramita\u00e7\u00e3o<\/strong><\/p>\n<p>O projeto ser\u00e1 analisado em regime de prioridade pelas comiss\u00f5es de Trabalho, de Administra\u00e7\u00e3o e Servi\u00e7o P\u00fablico; e de Constitui\u00e7\u00e3o e Justi\u00e7a e de Cidadania. Depois, segue para o Plen\u00e1rio.<\/p>\n<!-- AddThis Advanced Settings generic via filter on the_content --><!-- AddThis Share Buttons generic via filter on the_content -->","protected":false},"excerpt":{"rendered":"<p>A C\u00e2mara dos Deputados analisa proposta do deputado Pompeo de Mattos (PDT-RS) que obriga conven\u00e7\u00f5es e acordos coletivos de trabalho a estabelecerem pisos salariais, pelo menos, em valor igual ou superior ao do sal\u00e1rio m\u00ednimo regional definido por estados e pelo Distrito Federal. O Projeto de Lei Complementar (PLP) 28\/15, afirma que a coexist\u00eancia de&#8230;<!-- AddThis Advanced Settings generic via filter on wp_trim_excerpt --><!-- AddThis Share Buttons generic via filter on wp_trim_excerpt --><\/p>\n","protected":false},"author":17,"featured_media":0,"comment_status":"closed","ping_status":"open","sticky":false,"template":"","format":"standard","meta":{"_monsterinsights_skip_tracking":false,"_monsterinsights_sitenote_active":false,"_monsterinsights_sitenote_note":"","_monsterinsights_sitenote_category":0,"_uf_show_specific_survey":0,"_uf_disable_surveys":false,"footnotes":""},"categories":[976],"tags":[1039,252,38,1040,746],"class_list":["post-44911","post","type-post","status-publish","format-standard","hentry","category-noticias-em-destaque","tag-acordos-coletivos-de-trabalho","tag-convencoes","tag-pdt","tag-pisos-salariais","tag-pompeo-de-mattos"],"acf":[],"_links":{"self":[{"href":"https:\/\/pdt-rj.org.br\/index.php\/wp-json\/wp\/v2\/posts\/44911","targetHints":{"allow":["GET"]}}],"collection":[{"href":"https:\/\/pdt-rj.org.br\/index.php\/wp-json\/wp\/v2\/posts"}],"about":[{"href":"https:\/\/pdt-rj.org.br\/index.php\/wp-json\/wp\/v2\/types\/post"}],"author":[{"embeddable":true,"href":"https:\/\/pdt-rj.org.br\/index.php\/wp-json\/wp\/v2\/users\/17"}],"replies":[{"embeddable":true,"href":"https:\/\/pdt-rj.org.br\/index.php\/wp-json\/wp\/v2\/comments?post=44911"}],"version-history":[{"count":1,"href":"https:\/\/pdt-rj.org.br\/index.php\/wp-json\/wp\/v2\/posts\/44911\/revisions"}],"predecessor-version":[{"id":56318,"href":"https:\/\/pdt-rj.org.br\/index.php\/wp-json\/wp\/v2\/posts\/44911\/revisions\/56318"}],"wp:attachment":[{"href":"https:\/\/pdt-rj.org.br\/index.php\/wp-json\/wp\/v2\/media?parent=44911"}],"wp:term":[{"taxonomy":"category","embeddable":true,"href":"https:\/\/pdt-rj.org.br\/index.php\/wp-json\/wp\/v2\/categories?post=44911"},{"taxonomy":"post_tag","embeddable":true,"href":"https:\/\/pdt-rj.org.br\/index.php\/wp-json\/wp\/v2\/tags?post=44911"}],"curies":[{"name":"wp","href":"https:\/\/api.w.org\/{rel}","templated":true}]}}