{"id":44889,"date":"2016-07-24T18:34:55","date_gmt":"2016-07-24T21:34:55","guid":{"rendered":"http:\/\/pdt-rj.org.br\/?p=44889"},"modified":"2017-10-26T09:08:00","modified_gmt":"2017-10-26T11:08:00","slug":"convencoes-confirmam-candidaturas-a-prefeito-em-municipios-baianos","status":"publish","type":"post","link":"https:\/\/pdt-rj.org.br\/index.php\/convencoes-confirmam-candidaturas-a-prefeito-em-municipios-baianos\/","title":{"rendered":"Conven\u00e7\u00f5es confirmam pr\u00e9-candidaturas a prefeito em munic\u00edpios baianos"},"content":{"rendered":"<div id=\"yui_3_16_0_ym19_1_1469279027540_189057\">\n<div id=\"yui_3_16_0_ym19_1_1469279027540_189056\">\n<div id=\"yui_3_16_0_ym19_1_1469279027540_189055\">\n<div id=\"yui_3_16_0_ym19_1_1469279027540_189054\"><img loading=\"lazy\" decoding=\"async\" class=\"alignnone size-medium wp-image-44890 alignleft\" src=\"http:\/\/pdt-rj.org.br\/wp-content\/uploads\/2016\/07\/Conven\u00e7\u00e3o-de-Silva-Neto-PDT-Araci-Divulga\u00e7\u00e3o-300x169.jpg\" alt=\"Conven\u00e7\u00e3o de Silva Neto PDT-Araci Divulga\u00e7\u00e3o\" width=\"300\" height=\"169\" srcset=\"https:\/\/pdt-rj.org.br\/wp-content\/uploads\/2016\/07\/Conven\u00e7\u00e3o-de-Silva-Neto-PDT-Araci-Divulga\u00e7\u00e3o-300x169.jpg 300w, https:\/\/pdt-rj.org.br\/wp-content\/uploads\/2016\/07\/Conven\u00e7\u00e3o-de-Silva-Neto-PDT-Araci-Divulga\u00e7\u00e3o-100x56.jpg 100w, https:\/\/pdt-rj.org.br\/wp-content\/uploads\/2016\/07\/Conven\u00e7\u00e3o-de-Silva-Neto-PDT-Araci-Divulga\u00e7\u00e3o-768x432.jpg 768w, https:\/\/pdt-rj.org.br\/wp-content\/uploads\/2016\/07\/Conven\u00e7\u00e3o-de-Silva-Neto-PDT-Araci-Divulga\u00e7\u00e3o.jpg 1024w, https:\/\/pdt-rj.org.br\/wp-content\/uploads\/2016\/07\/Conven\u00e7\u00e3o-de-Silva-Neto-PDT-Araci-Divulga\u00e7\u00e3o-160x90.jpg 160w\" sizes=\"auto, (max-width: 300px) 100vw, 300px\" \/>As conven\u00e7\u00f5es municipais do PDT, realizadas nesse s\u00e1bado (23), em Araci, na Regi\u00e3o Sisaleira, e em Itabuna, no Sul da Bahia, confirmaram as pr\u00e9-candidaturas a prefeito de Silva Neto e Doutor Mangabeira, respectivamente.<\/div>\n<div>Em Araci, o presidente estadual do PDT, deputado federal F\u00e9lix Mendon\u00e7a J\u00fanior, destacou a alian\u00e7a vitoriosa com os 10 partidos que integram a base do prefeito Silva Neto, filho do ex-prefeito Z\u00e9 da Ford, que busca a reelei\u00e7\u00e3o.<\/div>\n<div>\u00a0<\/div>\n<\/div>\n<p>&#8220;Al\u00e9m do PDT, Silva Neto conta com o apoio do PV, PR, PT, para ser o primeiro e \u00faltimo prefeito reeleito da hist\u00f3ria de Araci, uma vez que a legisla\u00e7\u00e3o eleitoral n\u00e3o permite mais a reelei\u00e7\u00e3o ap\u00f3s 2016. Vamos \u00e0 vit\u00f3ria em Araci com Silva Neto e Queinha!&#8221;, conclamou.<\/p>\n<\/div>\n<p>Em Itabuna, F\u00e9lix Mendo\u00e7a J\u00fanior\u00a0foi representado por seu pai, F\u00e9lix Mendon\u00e7a, ex-prefeito da cidade, que destacou a seriedade e a compet\u00eancia do pr\u00e9-candidato do PDT a prefeito da Terra Grapi\u00fana.<\/p><\/div>\n<div>&#8220;Doutor Mangabeira est\u00e1 \u00e0 altura do desafio que \u00e9 fazer uma administra\u00e7\u00e3o capaz de trazer de volta a prosperidade e o progresso a Itabuna, uma cidade bel\u00edssima, mas que sofre a mais grave crise h\u00eddrica da sua hist\u00f3ria&#8221;, asseverou.<\/div>\n<!-- AddThis Advanced Settings generic via filter on the_content --><!-- AddThis Share Buttons generic via filter on the_content -->","protected":false},"excerpt":{"rendered":"<p>As conven\u00e7\u00f5es municipais do PDT, realizadas nesse s\u00e1bado (23), em Araci, na Regi\u00e3o Sisaleira, e em Itabuna, no Sul da Bahia, confirmaram as pr\u00e9-candidaturas a prefeito de Silva Neto e Doutor Mangabeira, respectivamente. Em Araci, o presidente estadual do PDT, deputado federal F\u00e9lix Mendon\u00e7a J\u00fanior, destacou a alian\u00e7a vitoriosa com os 10 partidos que integram&#8230;<!-- AddThis Advanced Settings generic via filter on wp_trim_excerpt --><!-- AddThis Share Buttons generic via filter on wp_trim_excerpt --><\/p>\n","protected":false},"author":17,"featured_media":0,"comment_status":"closed","ping_status":"open","sticky":false,"template":"","format":"standard","meta":{"_monsterinsights_skip_tracking":false,"_monsterinsights_sitenote_active":false,"_monsterinsights_sitenote_note":"","_monsterinsights_sitenote_category":0,"_uf_show_specific_survey":0,"_uf_disable_surveys":false,"footnotes":""},"categories":[976],"tags":[252,391,38],"class_list":["post-44889","post","type-post","status-publish","format-standard","hentry","category-noticias-em-destaque","tag-convencoes","tag-felix-mendonca-junior","tag-pdt"],"acf":[],"_links":{"self":[{"href":"https:\/\/pdt-rj.org.br\/index.php\/wp-json\/wp\/v2\/posts\/44889","targetHints":{"allow":["GET"]}}],"collection":[{"href":"https:\/\/pdt-rj.org.br\/index.php\/wp-json\/wp\/v2\/posts"}],"about":[{"href":"https:\/\/pdt-rj.org.br\/index.php\/wp-json\/wp\/v2\/types\/post"}],"author":[{"embeddable":true,"href":"https:\/\/pdt-rj.org.br\/index.php\/wp-json\/wp\/v2\/users\/17"}],"replies":[{"embeddable":true,"href":"https:\/\/pdt-rj.org.br\/index.php\/wp-json\/wp\/v2\/comments?post=44889"}],"version-history":[{"count":1,"href":"https:\/\/pdt-rj.org.br\/index.php\/wp-json\/wp\/v2\/posts\/44889\/revisions"}],"predecessor-version":[{"id":56319,"href":"https:\/\/pdt-rj.org.br\/index.php\/wp-json\/wp\/v2\/posts\/44889\/revisions\/56319"}],"wp:attachment":[{"href":"https:\/\/pdt-rj.org.br\/index.php\/wp-json\/wp\/v2\/media?parent=44889"}],"wp:term":[{"taxonomy":"category","embeddable":true,"href":"https:\/\/pdt-rj.org.br\/index.php\/wp-json\/wp\/v2\/categories?post=44889"},{"taxonomy":"post_tag","embeddable":true,"href":"https:\/\/pdt-rj.org.br\/index.php\/wp-json\/wp\/v2\/tags?post=44889"}],"curies":[{"name":"wp","href":"https:\/\/api.w.org\/{rel}","templated":true}]}}