{"id":44884,"date":"2016-07-24T17:52:21","date_gmt":"2016-07-24T20:52:21","guid":{"rendered":"http:\/\/pdt-rj.org.br\/?p=44884"},"modified":"2017-01-25T16:36:08","modified_gmt":"2017-01-25T18:36:08","slug":"js-pdtrn-debate-a-participacao-da-juventude-na-politica-em-seminario","status":"publish","type":"post","link":"https:\/\/pdt-rj.org.br\/index.php\/js-pdtrn-debate-a-participacao-da-juventude-na-politica-em-seminario\/","title":{"rendered":"JS-PDT\/RN debate a participa\u00e7\u00e3o da juventude na pol\u00edtica em semin\u00e1rio"},"content":{"rendered":"<p><img loading=\"lazy\" decoding=\"async\" class=\"alignnone size-medium wp-image-44885 alignright\" src=\"http:\/\/pdt-rj.org.br\/wp-content\/uploads\/2016\/07\/SEMIN\u00c1RIO-JSPDT_Foto-Kallyna-Kelly..-300x169.jpg\" alt=\"SEMIN\u00c1RIO JSPDT_Foto Kallyna Kelly..\" width=\"300\" height=\"169\" srcset=\"https:\/\/pdt-rj.org.br\/wp-content\/uploads\/2016\/07\/SEMIN\u00c1RIO-JSPDT_Foto-Kallyna-Kelly..-300x169.jpg 300w, https:\/\/pdt-rj.org.br\/wp-content\/uploads\/2016\/07\/SEMIN\u00c1RIO-JSPDT_Foto-Kallyna-Kelly..-100x56.jpg 100w, https:\/\/pdt-rj.org.br\/wp-content\/uploads\/2016\/07\/SEMIN\u00c1RIO-JSPDT_Foto-Kallyna-Kelly..-768x432.jpg 768w, https:\/\/pdt-rj.org.br\/wp-content\/uploads\/2016\/07\/SEMIN\u00c1RIO-JSPDT_Foto-Kallyna-Kelly...jpg 1024w, https:\/\/pdt-rj.org.br\/wp-content\/uploads\/2016\/07\/SEMIN\u00c1RIO-JSPDT_Foto-Kallyna-Kelly..-160x90.jpg 160w\" sizes=\"auto, (max-width: 300px) 100vw, 300px\" \/>A Juventude Socialista do PDT RN realizou, nesse s\u00e1bado (23), o \u201cI Semin\u00e1rio de Pol\u00edticas para a Juventude\u201d. O evento aconteceu na sede do PDT de Natal, com a presen\u00e7a presidente do PDT do Rio Grande do Norte e prefeito de Natal, Carlos Eduardo Alves.<\/p>\n<p>Tamb\u00e9m estiveram presentes no evento o presidente da JS-PDT\/RN,\u00a0Marcos Segundo,\u00a0o presidente da JS-PDT\/Natal, Gen\u00e1rio J\u00fanior, o presidente do PDT de Natal, Jonny Costa, e a vice-presidente da A\u00e7\u00e3o da Mulher Trabalhista (AMT- RN), Gil Alves, representando a presidente estadual da AMT- RN, Andr\u00e9a Ramalho Alves.<\/p>\n<p>O Semin\u00e1rio teve como palestrante o jovem advogado Kleber Fernandes, que tamb\u00e9m ocupa o cargo de Secret\u00e1rio Nacional de Rela\u00e7\u00f5es Internacionais da JS-PDT, falando sobre \u201cA Import\u00e2ncia da Juventude no Protagonismo Pol\u00edtico\u201d. \u00a0Em sua fala, ele destacou o importante papel da juventude enquanto for\u00e7a renovadora das pr\u00e1ticas pol\u00edticas, especialmente neste momento de grave crise moral vivida pela classe pol\u00edtica brasileira.<\/p>\n<p>\u201cVivemos um momento delicado de grande descr\u00e9dito da classe pol\u00edtica e \u00e9 justamente da for\u00e7a dos jovens que pode surgir o norte para novos caminhos. Temos nas m\u00e3os um grande desafio que \u00e9 o de modificar esse modelo vigente, t\u00e3o retr\u00f3grado e viciado. Acredito na juventude do PDT como um enorme contingente protagonista nesse processo de transforma\u00e7\u00e3o e renova\u00e7\u00e3o que a sociedade tanto almeja. E por isso estamos aqui hoje\u201d.<\/p>\n<p>Na oportunidade, o prefeito Carlos Eduardo destacou o diferencial da participa\u00e7\u00e3o dos jovens na pol\u00edtica, o que, segundo ele, \u00e9 fundamental para se colocar em pr\u00e1tica as reais necessidades da sociedade.<\/p>\n<p>\u201cCompromisso com a coletividade n\u00e3o \u00e9 utopia, por isso \u00e9 preciso tratar temas como melhoria de vida das pessoas, inclus\u00e3o social, igualdade de oportunidade e justi\u00e7a social como premissas de uma conduta pol\u00edtica ideal. E como n\u00e3o perceber todos esses ideais olhando para um audit\u00f3rio repleto dessa energia jovem?\u201d, destacou o prefeito.<\/p>\n<!-- AddThis Advanced Settings generic via filter on the_content --><!-- AddThis Share Buttons generic via filter on the_content -->","protected":false},"excerpt":{"rendered":"<p>A Juventude Socialista do PDT RN realizou, nesse s\u00e1bado (23), o \u201cI Semin\u00e1rio de Pol\u00edticas para a Juventude\u201d. O evento aconteceu na sede do PDT de Natal, com a presen\u00e7a presidente do PDT do Rio Grande do Norte e prefeito de Natal, Carlos Eduardo Alves. Tamb\u00e9m estiveram presentes no evento o presidente da JS-PDT\/RN,\u00a0Marcos Segundo,\u00a0o&#8230;<!-- AddThis Advanced Settings generic via filter on wp_trim_excerpt --><!-- AddThis Share Buttons generic via filter on wp_trim_excerpt --><\/p>\n","protected":false},"author":17,"featured_media":0,"comment_status":"closed","ping_status":"closed","sticky":false,"template":"","format":"standard","meta":{"_monsterinsights_skip_tracking":false,"_monsterinsights_sitenote_active":false,"_monsterinsights_sitenote_note":"","_monsterinsights_sitenote_category":0,"_uf_show_specific_survey":0,"_uf_disable_surveys":false,"footnotes":""},"categories":[1402,1586,1397],"tags":[1032,1033,1034,1035,1036,1037,539,1038,38],"class_list":["post-44884","post","type-post","status-publish","format-standard","hentry","category-cidades","category-juventude-socialista","category-movimentos","tag-carlos-eduardo-alves","tag-genario-junior","tag-gil-alves","tag-i-seminario-de-politicas-para-a-juventude","tag-jonny-costa","tag-jovens-na-politica","tag-juventude-socialista","tag-kleber-fernandes","tag-pdt"],"acf":[],"_links":{"self":[{"href":"https:\/\/pdt-rj.org.br\/index.php\/wp-json\/wp\/v2\/posts\/44884","targetHints":{"allow":["GET"]}}],"collection":[{"href":"https:\/\/pdt-rj.org.br\/index.php\/wp-json\/wp\/v2\/posts"}],"about":[{"href":"https:\/\/pdt-rj.org.br\/index.php\/wp-json\/wp\/v2\/types\/post"}],"author":[{"embeddable":true,"href":"https:\/\/pdt-rj.org.br\/index.php\/wp-json\/wp\/v2\/users\/17"}],"replies":[{"embeddable":true,"href":"https:\/\/pdt-rj.org.br\/index.php\/wp-json\/wp\/v2\/comments?post=44884"}],"version-history":[{"count":1,"href":"https:\/\/pdt-rj.org.br\/index.php\/wp-json\/wp\/v2\/posts\/44884\/revisions"}],"predecessor-version":[{"id":52494,"href":"https:\/\/pdt-rj.org.br\/index.php\/wp-json\/wp\/v2\/posts\/44884\/revisions\/52494"}],"wp:attachment":[{"href":"https:\/\/pdt-rj.org.br\/index.php\/wp-json\/wp\/v2\/media?parent=44884"}],"wp:term":[{"taxonomy":"category","embeddable":true,"href":"https:\/\/pdt-rj.org.br\/index.php\/wp-json\/wp\/v2\/categories?post=44884"},{"taxonomy":"post_tag","embeddable":true,"href":"https:\/\/pdt-rj.org.br\/index.php\/wp-json\/wp\/v2\/tags?post=44884"}],"curies":[{"name":"wp","href":"https:\/\/api.w.org\/{rel}","templated":true}]}}