{"id":44847,"date":"2016-07-22T18:38:56","date_gmt":"2016-07-22T21:38:56","guid":{"rendered":"http:\/\/pdt-rj.org.br\/?p=44847"},"modified":"2017-10-26T09:08:00","modified_gmt":"2017-10-26T11:08:00","slug":"meu-avo-leonel-frases-causos-e-depoimentos-de-brizola-e-lancado-no-rio","status":"publish","type":"post","link":"https:\/\/pdt-rj.org.br\/index.php\/meu-avo-leonel-frases-causos-e-depoimentos-de-brizola-e-lancado-no-rio\/","title":{"rendered":"Juliana, neta de Brizola, lan\u00e7a livro com frases e depoimentos do av\u00f4"},"content":{"rendered":"<p><img loading=\"lazy\" decoding=\"async\" class=\"alignnone size-medium wp-image-44848 alignleft\" src=\"http:\/\/pdt-rj.org.br\/wp-content\/uploads\/2016\/07\/Presidente-Carlos-Lupe-Juliana-Brizola-Brizola-Neto-e-Rejane-Guerra-MEU-AV\u00d4-LEONEL-Julho-2016--300x195.jpg\" alt=\"Presidente-Carlos-Lupe,-Juliana-Brizola,-Brizola-Neto-e-Rejane-Guerra------MEU-AV\u00d4-LEONEL---Julho-2016---\" width=\"300\" height=\"195\" srcset=\"https:\/\/pdt-rj.org.br\/wp-content\/uploads\/2016\/07\/Presidente-Carlos-Lupe-Juliana-Brizola-Brizola-Neto-e-Rejane-Guerra-MEU-AV\u00d4-LEONEL-Julho-2016--300x195.jpg 300w, https:\/\/pdt-rj.org.br\/wp-content\/uploads\/2016\/07\/Presidente-Carlos-Lupe-Juliana-Brizola-Brizola-Neto-e-Rejane-Guerra-MEU-AV\u00d4-LEONEL-Julho-2016--100x65.jpg 100w, https:\/\/pdt-rj.org.br\/wp-content\/uploads\/2016\/07\/Presidente-Carlos-Lupe-Juliana-Brizola-Brizola-Neto-e-Rejane-Guerra-MEU-AV\u00d4-LEONEL-Julho-2016--138x90.jpg 138w, https:\/\/pdt-rj.org.br\/wp-content\/uploads\/2016\/07\/Presidente-Carlos-Lupe-Juliana-Brizola-Brizola-Neto-e-Rejane-Guerra-MEU-AV\u00d4-LEONEL-Julho-2016-.jpg 729w\" sizes=\"auto, (max-width: 300px) 100vw, 300px\" \/>O presidente nacional do PDT, Carlos Lupi, prestigiou, nessa quarta-feira (20), o lan\u00e7amento do livro &#8220;Meu av\u00f4 Leonel. Frases, &#8216;causos&#8217; e depoimentos de Brizola&#8221;, de autoria da deputada Juliana Brizola (PDT-RS) \u2013 neta de Leonel Brizola e filha de Jos\u00e9 Vicente Brizola \u2013 e da jornalista Rejane Guerra. O evento aconteceu na Livraria da Travessa, em Ipanema, Rio de Janeiro.<\/p>\n<p>Na ocasi\u00e3o, foram distribu\u00eddos len\u00e7os Maragatos para os convidados, que pegaram os aut\u00f3grafos em uma mesa decorada com rosas vermelhas, s\u00edmbolo da Internacional Socialista (IS).<\/p>\n<p>Al\u00e9m de Carlos Lupi, marcaram presen\u00e7a o deputado Brizola Neto (PDT-RJ) \u2013 irm\u00e3o de Juliana Brizola \u2013, Vieira da Cunha (PDT-RS), o jornalista Roberto d&#8217;\u00c1vila, autor do pref\u00e1cio da publica\u00e7\u00e3o, e o cineasta Neville d\u2019Almeida, dentre outros.<\/p>\n<p>Outro destaque do evento foi o ator Tonico Pereira que, na ocasi\u00e3o, lan\u00e7ou uma linha de camisetas de sua cria\u00e7\u00e3o com a frase &#8220;Falta Brizola no Brasil!&#8221;. Os convidados puderem assistir \u00e0s exibi\u00e7\u00f5es do document\u00e1rio &#8220;Tempos de Luta&#8221;, de Tabajara Ruas, e imagens do epis\u00f3dio que ficou conhecido como \u201cCampanha da Legalidade\u201d. Tamb\u00e9m foram executados o hist\u00f3rico Hino da Legalidade e alguns jingles das campanhas de Brizola.<\/p>\n<p><strong>Frases de Brizola<\/strong><\/p>\n<p><img loading=\"lazy\" decoding=\"async\" class=\"alignnone size-medium wp-image-44849 alignright\" src=\"http:\/\/pdt-rj.org.br\/wp-content\/uploads\/2016\/07\/DSC_2364-Tonico-Pereira-Livro-MEU-AV\u00d4-LEONEL-Julho-2016-Foto-CRISTINA-GRANATO--205x300.jpg\" alt=\"DSC_2364  Tonico Pereira  - Livro MEU AV\u00d4 LEONEL - Julho 2016 - Foto CRISTINA GRANATO\" width=\"205\" height=\"300\" srcset=\"https:\/\/pdt-rj.org.br\/wp-content\/uploads\/2016\/07\/DSC_2364-Tonico-Pereira-Livro-MEU-AV\u00d4-LEONEL-Julho-2016-Foto-CRISTINA-GRANATO--205x300.jpg 205w, https:\/\/pdt-rj.org.br\/wp-content\/uploads\/2016\/07\/DSC_2364-Tonico-Pereira-Livro-MEU-AV\u00d4-LEONEL-Julho-2016-Foto-CRISTINA-GRANATO--68x100.jpg 68w, https:\/\/pdt-rj.org.br\/wp-content\/uploads\/2016\/07\/DSC_2364-Tonico-Pereira-Livro-MEU-AV\u00d4-LEONEL-Julho-2016-Foto-CRISTINA-GRANATO--768x1122.jpg 768w, https:\/\/pdt-rj.org.br\/wp-content\/uploads\/2016\/07\/DSC_2364-Tonico-Pereira-Livro-MEU-AV\u00d4-LEONEL-Julho-2016-Foto-CRISTINA-GRANATO-.jpg 701w, https:\/\/pdt-rj.org.br\/wp-content\/uploads\/2016\/07\/DSC_2364-Tonico-Pereira-Livro-MEU-AV\u00d4-LEONEL-Julho-2016-Foto-CRISTINA-GRANATO--62x90.jpg 62w\" sizes=\"auto, (max-width: 205px) 100vw, 205px\" \/>Resultado de mais de uma d\u00e9cada de trabalho, o livro surgiu a partir das confid\u00eancias que Juliana Brizola fazia para a jornalista Rejane Guerra, sobre as frases que escutava do av\u00f4 e as hist\u00f3rias protagonizadas por ele. Ap\u00f3s a morte de Brizola, elas passaram a pesquisar as frases proferidas por ele, no per\u00edodo de 1945 a 2004, em discursos, livros, grava\u00e7\u00f5es de r\u00e1dio e debates televisivos.<\/p>\n<p>A publica\u00e7\u00e3o traz depoimentos de v\u00e1rios pol\u00edticos e personalidades, como o ex-primeiro ministro de Portugal, M\u00e1rio Soares, Carlos Lupi, o ex-ministro e ex-governador, Ciro Gomes\u00a0(PDT-CE), os jornalistas Caco Barcelos e Ricardo Boechat e o ator Paulo Betti, entre outros.<\/p>\n<p>O livro tamb\u00e9m exibe, pela primeira vez, o acervo in\u00e9dito que Brizola guardava, composto por material de campanha, um bilhete dele para a sua mulher, Neusa Goulart, e uma mensagem dele para o professor Darcy Ribeiro e a \u00faltima carta que a sua m\u00e3e, dona Oniva, lhe enviou no ex\u00edlio, tr\u00eas meses antes dela morrer, em 1968, em Carazinho, RS.<\/p>\n<p>O livro tamb\u00e9m ser\u00e1 lan\u00e7ado em Porto Alegre, Rio Grande do Sul, e em Bras\u00edlia, em datas ainda n\u00e3o definidas.<\/p>\n<!-- AddThis Advanced Settings generic via filter on the_content --><!-- AddThis Share Buttons generic via filter on the_content -->","protected":false},"excerpt":{"rendered":"<p>O presidente nacional do PDT, Carlos Lupi, prestigiou, nessa quarta-feira (20), o lan\u00e7amento do livro &#8220;Meu av\u00f4 Leonel. Frases, &#8216;causos&#8217; e depoimentos de Brizola&#8221;, de autoria da deputada Juliana Brizola (PDT-RS) \u2013 neta de Leonel Brizola e filha de Jos\u00e9 Vicente Brizola \u2013 e da jornalista Rejane Guerra. O evento aconteceu na Livraria da Travessa,&#8230;<!-- AddThis Advanced Settings generic via filter on wp_trim_excerpt --><!-- AddThis Share Buttons generic via filter on wp_trim_excerpt --><\/p>\n","protected":false},"author":17,"featured_media":0,"comment_status":"closed","ping_status":"open","sticky":false,"template":"","format":"standard","meta":{"_monsterinsights_skip_tracking":false,"_monsterinsights_sitenote_active":false,"_monsterinsights_sitenote_note":"","_monsterinsights_sitenote_category":0,"_uf_show_specific_survey":0,"_uf_disable_surveys":false,"footnotes":""},"categories":[976],"tags":[1024,1025,196,220,1026,1027,1028],"class_list":["post-44847","post","type-post","status-publish","format-standard","hentry","category-noticias-em-destaque","tag-meu-avo-leonel-frases-causos-e-depoimentos-de-brizola","tag-brizola-neto","tag-carlos-lupi","tag-ciro-gomes","tag-falta-brizola-no-brasil","tag-luciana-brizola","tag-mario-soares"],"acf":[],"_links":{"self":[{"href":"https:\/\/pdt-rj.org.br\/index.php\/wp-json\/wp\/v2\/posts\/44847","targetHints":{"allow":["GET"]}}],"collection":[{"href":"https:\/\/pdt-rj.org.br\/index.php\/wp-json\/wp\/v2\/posts"}],"about":[{"href":"https:\/\/pdt-rj.org.br\/index.php\/wp-json\/wp\/v2\/types\/post"}],"author":[{"embeddable":true,"href":"https:\/\/pdt-rj.org.br\/index.php\/wp-json\/wp\/v2\/users\/17"}],"replies":[{"embeddable":true,"href":"https:\/\/pdt-rj.org.br\/index.php\/wp-json\/wp\/v2\/comments?post=44847"}],"version-history":[{"count":1,"href":"https:\/\/pdt-rj.org.br\/index.php\/wp-json\/wp\/v2\/posts\/44847\/revisions"}],"predecessor-version":[{"id":56321,"href":"https:\/\/pdt-rj.org.br\/index.php\/wp-json\/wp\/v2\/posts\/44847\/revisions\/56321"}],"wp:attachment":[{"href":"https:\/\/pdt-rj.org.br\/index.php\/wp-json\/wp\/v2\/media?parent=44847"}],"wp:term":[{"taxonomy":"category","embeddable":true,"href":"https:\/\/pdt-rj.org.br\/index.php\/wp-json\/wp\/v2\/categories?post=44847"},{"taxonomy":"post_tag","embeddable":true,"href":"https:\/\/pdt-rj.org.br\/index.php\/wp-json\/wp\/v2\/tags?post=44847"}],"curies":[{"name":"wp","href":"https:\/\/api.w.org\/{rel}","templated":true}]}}