{"id":44824,"date":"2016-07-21T18:28:40","date_gmt":"2016-07-21T21:28:40","guid":{"rendered":"http:\/\/pdt-rj.org.br\/?p=44824"},"modified":"2017-10-26T09:08:00","modified_gmt":"2017-10-26T11:08:00","slug":"pompeo-de-mattos-quer-que-empresa-recomponha-fundo-de-pensao-por-decisao-judicial","status":"publish","type":"post","link":"https:\/\/pdt-rj.org.br\/index.php\/pompeo-de-mattos-quer-que-empresa-recomponha-fundo-de-pensao-por-decisao-judicial\/","title":{"rendered":"Pompeo de Mattos quer que empresa recomponha fundo de pens\u00e3o por decis\u00e3o judicial"},"content":{"rendered":"<p><img loading=\"lazy\" decoding=\"async\" class=\"alignnone size-medium wp-image-44826 alignright\" src=\"http:\/\/pdt-rj.org.br\/wp-content\/uploads\/2016\/07\/Pompeo-de-Mattos-14-1024x681-300x200.jpg\" alt=\"Pompeo-de-Mattos-14-1024x681\" width=\"300\" height=\"200\" srcset=\"https:\/\/pdt-rj.org.br\/wp-content\/uploads\/2016\/07\/Pompeo-de-Mattos-14-1024x681-300x200.jpg 300w, https:\/\/pdt-rj.org.br\/wp-content\/uploads\/2016\/07\/Pompeo-de-Mattos-14-1024x681-100x67.jpg 100w, https:\/\/pdt-rj.org.br\/wp-content\/uploads\/2016\/07\/Pompeo-de-Mattos-14-1024x681-768x511.jpg 768w, https:\/\/pdt-rj.org.br\/wp-content\/uploads\/2016\/07\/Pompeo-de-Mattos-14-1024x681.jpg 1024w, https:\/\/pdt-rj.org.br\/wp-content\/uploads\/2016\/07\/Pompeo-de-Mattos-14-1024x681-135x90.jpg 135w\" sizes=\"auto, (max-width: 300px) 100vw, 300px\" \/>Tramita na C\u00e2mara dos Deputados o Projeto de Lei Complementar (PLP) 265\/16, do deputado Pompeo de Mattos (PDT-RS), que estabelece como responsabilidade exclusiva da empresa patrocinadora recompensar, por decis\u00e3o judicial, a reserva do fundo de pens\u00e3o para viabilizar a revis\u00e3o do benef\u00edcio . A regra da proposta \u00e9 v\u00e1lida sempre que a revis\u00e3o ocorrer por descumprimento de direitos trabalhistas pela empresa.<\/p>\n<p>O texto acrescenta a obriga\u00e7\u00e3o \u00e0 lei que trata do regime de previd\u00eancia complementar (Lei Complementar 109\/01).<\/p>\n<p>Segundo Mattos, a mudan\u00e7a \u00e9 necess\u00e1ria para evitar que a gest\u00e3o da empresa possa gerar preju\u00edzos ao fundo de pens\u00e3o e, consequentemente, deficit e pagamento adicional pelos participantes do fundo. D\u00edvida decorrente de uma ilegalidade cometida exclusivamente pela patrocinadora\/empregadora, situa\u00e7\u00e3o absolutamente confrontante com as premissas da responsabilidade civil que imp\u00f5e a quem deu causa a obriga\u00e7\u00e3o de ressarcir\u00b4, alegou o <b class=\"plChave\">deputado<\/b>.<\/p>\n<p><strong>Tramita\u00e7\u00e3o<\/strong><\/p>\n<p>A proposta tramita em regime de prioridade e ser\u00e1 analisada pelas comiss\u00f5es de Seguridade Social e Fam\u00edlia; de Finan\u00e7as e Tributa\u00e7\u00e3o; e de Constitui\u00e7\u00e3o e Justi\u00e7a e de Cidadania.<\/p>\n<!-- AddThis Advanced Settings generic via filter on the_content --><!-- AddThis Share Buttons generic via filter on the_content -->","protected":false},"excerpt":{"rendered":"<p>Tramita na C\u00e2mara dos Deputados o Projeto de Lei Complementar (PLP) 265\/16, do deputado Pompeo de Mattos (PDT-RS), que estabelece como responsabilidade exclusiva da empresa patrocinadora recompensar, por decis\u00e3o judicial, a reserva do fundo de pens\u00e3o para viabilizar a revis\u00e3o do benef\u00edcio . A regra da proposta \u00e9 v\u00e1lida sempre que a revis\u00e3o ocorrer por&#8230;<!-- AddThis Advanced Settings generic via filter on wp_trim_excerpt --><!-- AddThis Share Buttons generic via filter on wp_trim_excerpt --><\/p>\n","protected":false},"author":17,"featured_media":0,"comment_status":"closed","ping_status":"open","sticky":false,"template":"","format":"standard","meta":{"_monsterinsights_skip_tracking":false,"_monsterinsights_sitenote_active":false,"_monsterinsights_sitenote_note":"","_monsterinsights_sitenote_category":0,"_uf_show_specific_survey":0,"_uf_disable_surveys":false,"footnotes":""},"categories":[976],"tags":[38,746],"class_list":["post-44824","post","type-post","status-publish","format-standard","hentry","category-noticias-em-destaque","tag-pdt","tag-pompeo-de-mattos"],"acf":[],"_links":{"self":[{"href":"https:\/\/pdt-rj.org.br\/index.php\/wp-json\/wp\/v2\/posts\/44824","targetHints":{"allow":["GET"]}}],"collection":[{"href":"https:\/\/pdt-rj.org.br\/index.php\/wp-json\/wp\/v2\/posts"}],"about":[{"href":"https:\/\/pdt-rj.org.br\/index.php\/wp-json\/wp\/v2\/types\/post"}],"author":[{"embeddable":true,"href":"https:\/\/pdt-rj.org.br\/index.php\/wp-json\/wp\/v2\/users\/17"}],"replies":[{"embeddable":true,"href":"https:\/\/pdt-rj.org.br\/index.php\/wp-json\/wp\/v2\/comments?post=44824"}],"version-history":[{"count":1,"href":"https:\/\/pdt-rj.org.br\/index.php\/wp-json\/wp\/v2\/posts\/44824\/revisions"}],"predecessor-version":[{"id":56324,"href":"https:\/\/pdt-rj.org.br\/index.php\/wp-json\/wp\/v2\/posts\/44824\/revisions\/56324"}],"wp:attachment":[{"href":"https:\/\/pdt-rj.org.br\/index.php\/wp-json\/wp\/v2\/media?parent=44824"}],"wp:term":[{"taxonomy":"category","embeddable":true,"href":"https:\/\/pdt-rj.org.br\/index.php\/wp-json\/wp\/v2\/categories?post=44824"},{"taxonomy":"post_tag","embeddable":true,"href":"https:\/\/pdt-rj.org.br\/index.php\/wp-json\/wp\/v2\/tags?post=44824"}],"curies":[{"name":"wp","href":"https:\/\/api.w.org\/{rel}","templated":true}]}}