{"id":44803,"date":"2016-07-20T21:55:55","date_gmt":"2016-07-21T00:55:55","guid":{"rendered":"http:\/\/pdt-rj.org.br\/?p=44803"},"modified":"2017-10-26T09:08:01","modified_gmt":"2017-10-26T11:08:01","slug":"prefeito-roberto-claudio-discute-acoes-de-prevencao-a-homicidios-de-adolescentes","status":"publish","type":"post","link":"https:\/\/pdt-rj.org.br\/index.php\/prefeito-roberto-claudio-discute-acoes-de-prevencao-a-homicidios-de-adolescentes\/","title":{"rendered":"Prefeito Roberto Cl\u00e1udio discute a\u00e7\u00f5es de preven\u00e7\u00e3o a homic\u00eddios de adolescentes"},"content":{"rendered":"<p><img loading=\"lazy\" decoding=\"async\" class=\"alignnone size-medium wp-image-44804 alignleft\" src=\"http:\/\/pdt-rj.org.br\/wp-content\/uploads\/2016\/07\/Prefeito-Roberto-Cl\u00e1udio-discute-a\u00e7\u00f5es-de-preven\u00e7\u00e3o-a-homic\u00eddios-de-adolescentes-300x200.jpg\" alt=\"Prefeito Roberto Cl\u00e1udio discute a\u00e7\u00f5es de preven\u00e7\u00e3o a homic\u00eddios de adolescentes\" width=\"300\" height=\"200\" srcset=\"https:\/\/pdt-rj.org.br\/wp-content\/uploads\/2016\/07\/Prefeito-Roberto-Cl\u00e1udio-discute-a\u00e7\u00f5es-de-preven\u00e7\u00e3o-a-homic\u00eddios-de-adolescentes-300x200.jpg 300w, https:\/\/pdt-rj.org.br\/wp-content\/uploads\/2016\/07\/Prefeito-Roberto-Cl\u00e1udio-discute-a\u00e7\u00f5es-de-preven\u00e7\u00e3o-a-homic\u00eddios-de-adolescentes-100x67.jpg 100w, https:\/\/pdt-rj.org.br\/wp-content\/uploads\/2016\/07\/Prefeito-Roberto-Cl\u00e1udio-discute-a\u00e7\u00f5es-de-preven\u00e7\u00e3o-a-homic\u00eddios-de-adolescentes-768x512.jpg 768w, https:\/\/pdt-rj.org.br\/wp-content\/uploads\/2016\/07\/Prefeito-Roberto-Cl\u00e1udio-discute-a\u00e7\u00f5es-de-preven\u00e7\u00e3o-a-homic\u00eddios-de-adolescentes-135x90.jpg 135w, https:\/\/pdt-rj.org.br\/wp-content\/uploads\/2016\/07\/Prefeito-Roberto-Cl\u00e1udio-discute-a\u00e7\u00f5es-de-preven\u00e7\u00e3o-a-homic\u00eddios-de-adolescentes.jpg 1000w\" sizes=\"auto, (max-width: 300px) 100vw, 300px\" \/>O prefeito Roberto Cl\u00e1udio esteve reunido na nessa ter\u00e7a-feira (19) com o presidente do Comit\u00ea Cearense pela Preven\u00e7\u00e3o de Homic\u00eddios na Adolesc\u00eancia da Assembleia Legislativa, deputado estadual Ivo Gomes (PDT-CE), que apresentou os resultados de uma pesquisa que mapeou os casos de viol\u00eancia na Capital e em outros munic\u00edpios cearenses.<\/p>\n<p>A pesquisa foi realizada este ano com 325 question\u00e1rios, sendo 130 com adolescentes infratores e 195 com fam\u00edlias que tiveram jovens assassinados. Ela revela que existem, hoje, 80 aglomerados urbanos onde os casos s\u00e3o mais comuns. 88% dos jovens que cumprem medidas socioeducativas conviveram com armas de fogo dentro de casa e quase 60% deles s\u00e3o filhos de fam\u00edlias desestruturadas.<\/p>\n<p>Ivo Gomes destacou que, de acordo com a pesquisa, muitos deles s\u00e3o filhos de m\u00e3es que engravidaram na adolesc\u00eancia e cometeram os crimes ou foram v\u00edtimas desses crimes em at\u00e9 seis meses depois de abandonar as salas de aula. Segundo o relato das fam\u00edlias das v\u00edtimas, mais da metade dos jovens assassinados haviam sido amea\u00e7ados anteriormente, mas nunca procuraram o Poder P\u00fablico, dizendo n\u00e3o \u201cconfiar\u201d nas institui\u00e7\u00f5es, em especial na Pol\u00edcia.<\/p>\n<p>\u201cHoje, segundo os dados apurados na pesquisa, existem cerca de dois mil jovens na faixa de alto risco. \u00c9 preciso que a rede de prote\u00e7\u00e3o fa\u00e7a o resgate e acompanhe o pr\u00f3prio jovem e a fam\u00edlia dele imediatamente ap\u00f3s a evas\u00e3o escolar\u201d, pondera o Deputado Ivo Gomes, afirmando, ainda, que a rede de prote\u00e7\u00e3o \u00e0s fam\u00edlias em vulnerabilidade social precisa agir pr\u00f3-ativamente\u201d.<\/p>\n<p>Diante dos resultados da pesquisa, o prefeito Roberto Cl\u00e1udio pediu que os gestores municipais pensem em estrat\u00e9gias para atrair os jovens em situa\u00e7\u00e3o de risco de volta para a Escola ou para equipamentos sociais, como a Rede Cuca. \u201cA partir desse diagn\u00f3stico, a nossa ideia \u00e9 expandir os projetos que consideramos vitoriosos, como a Escola de Tempo Integral e as Areninhas, por exemplo. E neste momento apresentarmos uma nova pol\u00edtica p\u00fablica que seja vi\u00e1vel para atender a cada um desses dois mil jovens que est\u00e3o na faixa de risco\u201d, afirmou Roberto Claudio.<\/p>\n<p>Outra proposta, segundo o Prefeito Roberto Claudio, \u00e9 criar dentro da Rede Cuca um curso para forma\u00e7\u00e3o do Agente Jovem. \u201cNossa ideia \u00e9 capacitar o pr\u00f3prio jovem para que ele fa\u00e7a a primeira abordagem. Acreditamos que a conversa entre os jovens pode fluir melhor e a partir do momento em que eles fa\u00e7am a identifica\u00e7\u00e3o dos jovens, das fam\u00edlias que correm mais risco, ser\u00e1 poss\u00edvel atra\u00ed-los para a rede integrada de atendimento da Prefeitura de Fortaleza\u201d.<\/p>\n<!-- AddThis Advanced Settings generic via filter on the_content --><!-- AddThis Share Buttons generic via filter on the_content -->","protected":false},"excerpt":{"rendered":"<p>O prefeito Roberto Cl\u00e1udio esteve reunido na nessa ter\u00e7a-feira (19) com o presidente do Comit\u00ea Cearense pela Preven\u00e7\u00e3o de Homic\u00eddios na Adolesc\u00eancia da Assembleia Legislativa, deputado estadual Ivo Gomes (PDT-CE), que apresentou os resultados de uma pesquisa que mapeou os casos de viol\u00eancia na Capital e em outros munic\u00edpios cearenses. A pesquisa foi realizada este&#8230;<!-- AddThis Advanced Settings generic via filter on wp_trim_excerpt --><!-- AddThis Share Buttons generic via filter on wp_trim_excerpt --><\/p>\n","protected":false},"author":17,"featured_media":0,"comment_status":"closed","ping_status":"open","sticky":false,"template":"","format":"standard","meta":{"_monsterinsights_skip_tracking":false,"_monsterinsights_sitenote_active":false,"_monsterinsights_sitenote_note":"","_monsterinsights_sitenote_category":0,"_uf_show_specific_survey":0,"_uf_disable_surveys":false,"footnotes":""},"categories":[976],"tags":[1009,1010,38,836,954,1011],"class_list":["post-44803","post","type-post","status-publish","format-standard","hentry","category-noticias-em-destaque","tag-ivo-gomes","tag-medidas-socioeducativas","tag-pdt","tag-roberto-claudio","tag-violencia","tag-violencia-juvenil"],"acf":[],"_links":{"self":[{"href":"https:\/\/pdt-rj.org.br\/index.php\/wp-json\/wp\/v2\/posts\/44803","targetHints":{"allow":["GET"]}}],"collection":[{"href":"https:\/\/pdt-rj.org.br\/index.php\/wp-json\/wp\/v2\/posts"}],"about":[{"href":"https:\/\/pdt-rj.org.br\/index.php\/wp-json\/wp\/v2\/types\/post"}],"author":[{"embeddable":true,"href":"https:\/\/pdt-rj.org.br\/index.php\/wp-json\/wp\/v2\/users\/17"}],"replies":[{"embeddable":true,"href":"https:\/\/pdt-rj.org.br\/index.php\/wp-json\/wp\/v2\/comments?post=44803"}],"version-history":[{"count":1,"href":"https:\/\/pdt-rj.org.br\/index.php\/wp-json\/wp\/v2\/posts\/44803\/revisions"}],"predecessor-version":[{"id":56329,"href":"https:\/\/pdt-rj.org.br\/index.php\/wp-json\/wp\/v2\/posts\/44803\/revisions\/56329"}],"wp:attachment":[{"href":"https:\/\/pdt-rj.org.br\/index.php\/wp-json\/wp\/v2\/media?parent=44803"}],"wp:term":[{"taxonomy":"category","embeddable":true,"href":"https:\/\/pdt-rj.org.br\/index.php\/wp-json\/wp\/v2\/categories?post=44803"},{"taxonomy":"post_tag","embeddable":true,"href":"https:\/\/pdt-rj.org.br\/index.php\/wp-json\/wp\/v2\/tags?post=44803"}],"curies":[{"name":"wp","href":"https:\/\/api.w.org\/{rel}","templated":true}]}}