{"id":44797,"date":"2016-07-20T20:01:13","date_gmt":"2016-07-20T23:01:13","guid":{"rendered":"http:\/\/pdt-rj.org.br\/?p=44797"},"modified":"2017-10-26T09:08:01","modified_gmt":"2017-10-26T11:08:01","slug":"edivaldo-holanda-prefeito-de-sao-luis-alerta-para-crime-eleitoral-na-internet","status":"publish","type":"post","link":"https:\/\/pdt-rj.org.br\/index.php\/edivaldo-holanda-prefeito-de-sao-luis-alerta-para-crime-eleitoral-na-internet\/","title":{"rendered":"Edivaldo Holanda, prefeito de S\u00e3o Lu\u00eds, alerta para crime eleitoral na internet"},"content":{"rendered":"<p>O prefeito de S\u00e3o Lu\u00eds, Edivaldo Holanda J\u00fanior (PDT-MA), pr\u00e9-candidato \u00e0 reelei\u00e7\u00e3o, alertou em seu perfil, em rede social, para a pr\u00e1tica de crime eleitoral na internet. Ele compartilhou uma publica\u00e7\u00e3o do Tribunal Superior Eleitoral (TSE) que trata do tema, chamou a aten\u00e7\u00e3o para os \u00f3rg\u00e3os fiscalizadores na capital, e assegurou que atuar\u00e1 de forma \u00e9tica durante o per\u00edodo de campanha.<\/p>\n<p>O posicionamento de Edivaldo ocorre em meio a cria\u00e7\u00e3o de perfis na internet que fazem s\u00e1tira \u00e0 sua imagem e ao governo municipal. Na publica\u00e7\u00e3o, Edivaldo J\u00fanior destacou a import\u00e2ncia da campanha lan\u00e7ada pelo TSE na internet.<\/p>\n<p>&#8220;O Tribunal Superior Eleitoral [TSE] divulgou hoje [ontem (19\/07)] um alerta sobre o chamado troll eleitoral. Contratar pessoas para ofender a honra e denegrir a imagem de candidato \u00e9 crime eleitoral. \u00c9 importante que nossos tribunais e \u00f3rg\u00e3os fiscalizadores fiquem atentos&#8221;, disse.<\/p>\n<p>O pedetista recha\u00e7ou a pr\u00e1tica do crime eleitoral na internet e se comprometeu, logo em seguida, em atuar de forma \u00e9tica para com os seus advers\u00e1rios. &#8220;Tenho me comportado de forma limpa, \u00e9tica, com respeito absoluto a todos os pr\u00e9-candidatos. Este \u00e9 o meu estilo, todos me conhecem. E continuarei sendo assim&#8221;, disse.<\/p>\n<p>A pr\u00e1tica da do &#8220;troll&#8221; na internet, termo utilizado como g\u00edria, designado a uma pessoa que pelo seu comportamento ou com um coment\u00e1rio, conseguiu desestabilizar uma discuss\u00e3o.<\/p>\n<p>A contrata\u00e7\u00e3o deste tipo de pr\u00e1 tica para a internet, contudo, \u00e9 vedada pela Justi\u00e7a Eleitoral. A lei que trata do tema \u00e9 a n\u00ba 9.504 e prev\u00ea pena de deten\u00e7\u00e3o de 2 a 4 anos e multa de R$ 15 mil a R$ 50 mil para quem contratar o &#8220;troll&#8221; e pena de seis meses a um ano de deten\u00e7\u00e3o e multa de R$ 5 mil a R$ 30 mil para quem foi contratado.<\/p>\n<p><strong>Perfis<\/strong><\/p>\n<p>Apesar de n\u00e3o ter feito alus\u00e3o a nenhuma p\u00e1gina na internet que utilize a pr\u00e1tica, o prefeito Edivaldo J\u00fanior \u00e9 alvo de perfis, em rede social, que fazem refer\u00eancia \u00e0 sua imagem com\u00a0 o simbolismo do chamado &#8220;troll&#8221;.<\/p>\n<p>Um destes perfis \u00e9 um o Intertroll, no Facebook, que se define como uma &#8220;p\u00e1gina de informa\u00e7\u00e3o, zoeira e humor&#8221;, utilizada para &#8220;ecoar cantigas de esc\u00e1rnio e maldizer&#8221;.<\/p>\n<p>Na declara\u00e7\u00e3o de autoria, sintetiza que foi criada por um &#8220;troll&#8221;. A p\u00e1gina compartilha v\u00eddeos, fotos e texto com s\u00e1tiras ao prefeito. O conte\u00fado trata o gestor pelo termo &#8220;EdiH&#8221;, defini\u00e7\u00e3o dada a Edivaldo J\u00fanior pelo vereador oposicionista F\u00e1bio C\u00e2mara (PMDB), em 2013, logo depois de ter assumido mandato no Legislativo Municipal.<\/p>\n<p><strong>Diferen\u00e7a<\/strong><\/p>\n<p>A pr\u00e1tica do &#8220;troll eleitoral&#8221;, como definiu o TSE, se diferencia, por exemplo, da charge eletr\u00f4nica. Isso porque a charge \u00e9 um desenho humor\u00edstico com ou sem legenda, veiculado pela imprensa e que carrega como tema &#8211; em regra geral -, um tema ou acontecimento atual e de impacto na sociedade. A charge comporta cr\u00edtica. Para interpret\u00e1-la, \u00e9 necess\u00e1rio que o indiv\u00edduo esteja a par dos acontecimentos pol\u00edticos nacionais e internacionais.<\/p>\n<!-- AddThis Advanced Settings generic via filter on the_content --><!-- AddThis Share Buttons generic via filter on the_content -->","protected":false},"excerpt":{"rendered":"<p>O prefeito de S\u00e3o Lu\u00eds, Edivaldo Holanda J\u00fanior (PDT-MA), pr\u00e9-candidato \u00e0 reelei\u00e7\u00e3o, alertou em seu perfil, em rede social, para a pr\u00e1tica de crime eleitoral na internet. Ele compartilhou uma publica\u00e7\u00e3o do Tribunal Superior Eleitoral (TSE) que trata do tema, chamou a aten\u00e7\u00e3o para os \u00f3rg\u00e3os fiscalizadores na capital, e assegurou que atuar\u00e1 de forma&#8230;<!-- AddThis Advanced Settings generic via filter on wp_trim_excerpt --><!-- AddThis Share Buttons generic via filter on wp_trim_excerpt --><\/p>\n","protected":false},"author":17,"featured_media":0,"comment_status":"closed","ping_status":"open","sticky":false,"template":"","format":"standard","meta":{"_monsterinsights_skip_tracking":false,"_monsterinsights_sitenote_active":false,"_monsterinsights_sitenote_note":"","_monsterinsights_sitenote_category":0,"_uf_show_specific_survey":0,"_uf_disable_surveys":false,"footnotes":""},"categories":[976],"tags":[1004,1005,336,347,984,38,1006,926],"class_list":["post-44797","post","type-post","status-publish","format-standard","hentry","category-noticias-em-destaque","tag-charge","tag-crime-eleitoral","tag-edivaldo-holanda-junior","tag-eleicoes-2016","tag-etica","tag-pdt","tag-troll-eleitoral","tag-tse"],"acf":[],"_links":{"self":[{"href":"https:\/\/pdt-rj.org.br\/index.php\/wp-json\/wp\/v2\/posts\/44797","targetHints":{"allow":["GET"]}}],"collection":[{"href":"https:\/\/pdt-rj.org.br\/index.php\/wp-json\/wp\/v2\/posts"}],"about":[{"href":"https:\/\/pdt-rj.org.br\/index.php\/wp-json\/wp\/v2\/types\/post"}],"author":[{"embeddable":true,"href":"https:\/\/pdt-rj.org.br\/index.php\/wp-json\/wp\/v2\/users\/17"}],"replies":[{"embeddable":true,"href":"https:\/\/pdt-rj.org.br\/index.php\/wp-json\/wp\/v2\/comments?post=44797"}],"version-history":[{"count":1,"href":"https:\/\/pdt-rj.org.br\/index.php\/wp-json\/wp\/v2\/posts\/44797\/revisions"}],"predecessor-version":[{"id":56331,"href":"https:\/\/pdt-rj.org.br\/index.php\/wp-json\/wp\/v2\/posts\/44797\/revisions\/56331"}],"wp:attachment":[{"href":"https:\/\/pdt-rj.org.br\/index.php\/wp-json\/wp\/v2\/media?parent=44797"}],"wp:term":[{"taxonomy":"category","embeddable":true,"href":"https:\/\/pdt-rj.org.br\/index.php\/wp-json\/wp\/v2\/categories?post=44797"},{"taxonomy":"post_tag","embeddable":true,"href":"https:\/\/pdt-rj.org.br\/index.php\/wp-json\/wp\/v2\/tags?post=44797"}],"curies":[{"name":"wp","href":"https:\/\/api.w.org\/{rel}","templated":true}]}}