{"id":44784,"date":"2016-07-19T19:59:52","date_gmt":"2016-07-19T22:59:52","guid":{"rendered":"http:\/\/pdt-rj.org.br\/?p=44784"},"modified":"2017-10-26T09:08:01","modified_gmt":"2017-10-26T11:08:01","slug":"deputado-saulo-moreira-beneficia-escola-em-estado-critico-com-emenda-de-r-210-mil","status":"publish","type":"post","link":"https:\/\/pdt-rj.org.br\/index.php\/deputado-saulo-moreira-beneficia-escola-em-estado-critico-com-emenda-de-r-210-mil\/","title":{"rendered":"Deputado Saulo Moreira beneficia escola em estado cr\u00edtico com emenda de R$ 210 mil"},"content":{"rendered":"<p><img loading=\"lazy\" decoding=\"async\" class=\"alignnone size-medium wp-image-44785 alignleft\" src=\"http:\/\/pdt-rj.org.br\/wp-content\/uploads\/2016\/07\/Deputado-Saulo-Moreira-Foto-Jos\u00e9-Hilde-Decom-ALE.RO_-300x200.jpg\" alt=\"Deputado Saulo Moreira Foto Jos\u00e9 Hilde Decom ALE.RO\" width=\"300\" height=\"200\" srcset=\"https:\/\/pdt-rj.org.br\/wp-content\/uploads\/2016\/07\/Deputado-Saulo-Moreira-Foto-Jos\u00e9-Hilde-Decom-ALE.RO_-300x200.jpg 300w, https:\/\/pdt-rj.org.br\/wp-content\/uploads\/2016\/07\/Deputado-Saulo-Moreira-Foto-Jos\u00e9-Hilde-Decom-ALE.RO_-100x67.jpg 100w, https:\/\/pdt-rj.org.br\/wp-content\/uploads\/2016\/07\/Deputado-Saulo-Moreira-Foto-Jos\u00e9-Hilde-Decom-ALE.RO_-135x90.jpg 135w, https:\/\/pdt-rj.org.br\/wp-content\/uploads\/2016\/07\/Deputado-Saulo-Moreira-Foto-Jos\u00e9-Hilde-Decom-ALE.RO_.jpg 640w\" sizes=\"auto, (max-width: 300px) 100vw, 300px\" \/>O deputado Saulo Moreira (PDT-RO) destinou emenda parlamentar para a Escola Municipal de Ensino Fundamental M\u00e1rio Quintana, em Ariquemes, Rond\u00f4nia, no valor de R$ 210 mil, para constru\u00e7\u00e3o de uma nova cobertura no p\u00e1tio, banheiros e reformas. De acordo com o\u00a0deputado, a a\u00e7\u00e3o vida atender uma demanda feita pela dire\u00e7\u00e3o da escola, que resultou na realiza\u00e7\u00e3o de um levantamento que comprovou a necessidade da execu\u00e7\u00e3o dos servi\u00e7os.<\/p>\n<p>&#8220;S\u00f3 este ano temos aproximadamente meio milh\u00e3o de reais em emendas a favor das institui\u00e7\u00f5es de ensino do munic\u00edpio, que j\u00e1 foram liberados pelo governador Conf\u00facio Moura (PMDB), que tamb\u00e9m tem dado aten\u00e7\u00e3o especial \u00e0 educa\u00e7\u00e3o&#8221;, destacou o deputado, acrescentando que a emenda j\u00e1 est\u00e1 empenhada.<\/p>\n<p>Al\u00e9m da emenda de R$ 210 mil para a Escola Mario Quintana, est\u00e3o entre os recursos destinados pelo deputado Saulo Moreira em favor das institui\u00e7\u00f5es de ensino de Ariquemes R$ 190 mil para aquisi\u00e7\u00e3o de materiais para pintura e R$ 50 mil para a implanta\u00e7\u00e3o de uma academia para a Apae, que j\u00e1 est\u00e1 sendo utilizada pelos alunos, professores e familiares.<\/p>\n<p>A diretora da escola, Marilei Alberton de Oliveira, declarou que &#8220;esta emenda ser\u00e1 extremamente importante para nossa escola, pois a cobertura est\u00e1 quase desabando, improvisada com ferros e caibros para n\u00e3o cair. Estamos muito felizes com este recurso que ser\u00e1 destinado atrav\u00e9s do deputado Saulo&#8221;.<\/p>\n<p>Os banheiros, explica Mari, ser\u00e3o constru\u00eddos junto ao gin\u00e1sio de esportes e tamb\u00e9m ser\u00e3o \u00fateis para os 670 alunos do 1\u00ba ao 7\u00ba ano que estudam na institui\u00e7\u00e3o. Ela conta que a escola, localizada no Setor 4 de Ariquemes, tem 30 anos e nunca passou por uma reforma.<\/p>\n<p>&nbsp;<\/p>\n<!-- AddThis Advanced Settings generic via filter on the_content --><!-- AddThis Share Buttons generic via filter on the_content -->","protected":false},"excerpt":{"rendered":"<p>O deputado Saulo Moreira (PDT-RO) destinou emenda parlamentar para a Escola Municipal de Ensino Fundamental M\u00e1rio Quintana, em Ariquemes, Rond\u00f4nia, no valor de R$ 210 mil, para constru\u00e7\u00e3o de uma nova cobertura no p\u00e1tio, banheiros e reformas. De acordo com o\u00a0deputado, a a\u00e7\u00e3o vida atender uma demanda feita pela dire\u00e7\u00e3o da escola, que resultou na&#8230;<!-- AddThis Advanced Settings generic via filter on wp_trim_excerpt --><!-- AddThis Share Buttons generic via filter on wp_trim_excerpt --><\/p>\n","protected":false},"author":17,"featured_media":0,"comment_status":"closed","ping_status":"open","sticky":false,"template":"","format":"standard","meta":{"_monsterinsights_skip_tracking":false,"_monsterinsights_sitenote_active":false,"_monsterinsights_sitenote_note":"","_monsterinsights_sitenote_category":0,"_uf_show_specific_survey":0,"_uf_disable_surveys":false,"footnotes":""},"categories":[976],"tags":[338,38,1003],"class_list":["post-44784","post","type-post","status-publish","format-standard","hentry","category-noticias-em-destaque","tag-educacao","tag-pdt","tag-saulo-moreira"],"acf":[],"_links":{"self":[{"href":"https:\/\/pdt-rj.org.br\/index.php\/wp-json\/wp\/v2\/posts\/44784","targetHints":{"allow":["GET"]}}],"collection":[{"href":"https:\/\/pdt-rj.org.br\/index.php\/wp-json\/wp\/v2\/posts"}],"about":[{"href":"https:\/\/pdt-rj.org.br\/index.php\/wp-json\/wp\/v2\/types\/post"}],"author":[{"embeddable":true,"href":"https:\/\/pdt-rj.org.br\/index.php\/wp-json\/wp\/v2\/users\/17"}],"replies":[{"embeddable":true,"href":"https:\/\/pdt-rj.org.br\/index.php\/wp-json\/wp\/v2\/comments?post=44784"}],"version-history":[{"count":1,"href":"https:\/\/pdt-rj.org.br\/index.php\/wp-json\/wp\/v2\/posts\/44784\/revisions"}],"predecessor-version":[{"id":56332,"href":"https:\/\/pdt-rj.org.br\/index.php\/wp-json\/wp\/v2\/posts\/44784\/revisions\/56332"}],"wp:attachment":[{"href":"https:\/\/pdt-rj.org.br\/index.php\/wp-json\/wp\/v2\/media?parent=44784"}],"wp:term":[{"taxonomy":"category","embeddable":true,"href":"https:\/\/pdt-rj.org.br\/index.php\/wp-json\/wp\/v2\/categories?post=44784"},{"taxonomy":"post_tag","embeddable":true,"href":"https:\/\/pdt-rj.org.br\/index.php\/wp-json\/wp\/v2\/tags?post=44784"}],"curies":[{"name":"wp","href":"https:\/\/api.w.org\/{rel}","templated":true}]}}