{"id":44739,"date":"2016-07-18T11:59:10","date_gmt":"2016-07-18T14:59:10","guid":{"rendered":"http:\/\/pdt-rj.org.br\/?p=44739"},"modified":"2017-10-26T09:08:02","modified_gmt":"2017-10-26T11:08:02","slug":"inscricoes-abertas-para-o-curso-basico-de-formacao-politica-online-pela-ulb","status":"publish","type":"post","link":"https:\/\/pdt-rj.org.br\/index.php\/inscricoes-abertas-para-o-curso-basico-de-formacao-politica-online-pela-ulb\/","title":{"rendered":"Inscreva-se para o curso de Forma\u00e7\u00e3o Pol\u00edtica online da ULB"},"content":{"rendered":"<div id=\"yui_3_16_0_1_1468847755608_44525\" class=\"body undoreset\" tabindex=\"0\">\n<div id=\"yui_3_16_0_1_1468847755608_44524\" class=\"email-wrapped\">\n<div id=\"yiv3996112034\">\n<div id=\"yui_3_16_0_1_1468847755608_44523\" dir=\"ltr\">\n<p id=\"yui_3_16_0_1_1468847755608_44522\" class=\"yiv3996112034MsoNormal\">A Universidade aberta Leonel Brizola (ULB) est\u00e1 com inscri\u00e7\u00f5es abertas para o curso b\u00e1sico de Forma\u00e7\u00e3o Pol\u00edtica. Voc\u00ea que \u00e9 pr\u00e9-candidato acesse o site <a href=\"http:\/\/www.ulb.org.br\/\" target=\"_blank\" rel=\"nofollow\">www.ulb.org.br<\/a> e inscreva-se.<\/p>\n<p class=\"yiv3996112034MsoNormal\">O curso \u00e9 obrigat\u00f3rio, de acordo com a resolu\u00e7\u00e3o 001\/2016 de 30\/05\/2016, aprovada na reuni\u00e3o do Diret\u00f3rio Nacional, realizada no Rio de Janeiro.<\/p>\n<p class=\"yiv3996112034MsoNormal\">\u00a0Veja a mensagem de Ciro Gomes para os pr\u00e9-candidatos:\u00a0<\/p>\n<\/div>\n<\/div>\n<\/div>\n<\/div>\n<p><iframe loading=\"lazy\" title=\"Ciro Gomes - Forma\u00e7\u00e3o Pol\u00edtica ULB 2016\" width=\"640\" height=\"360\" src=\"https:\/\/www.youtube.com\/embed\/0smzgnf9Bgo?feature=oembed\" frameborder=\"0\" allow=\"accelerometer; autoplay; clipboard-write; encrypted-media; gyroscope; picture-in-picture; web-share\" referrerpolicy=\"strict-origin-when-cross-origin\" allowfullscreen><\/iframe><\/p>\n<!-- AddThis Advanced Settings generic via filter on the_content --><!-- AddThis Share Buttons generic via filter on the_content -->","protected":false},"excerpt":{"rendered":"<p>A Universidade aberta Leonel Brizola (ULB) est\u00e1 com inscri\u00e7\u00f5es abertas para o curso b\u00e1sico de Forma\u00e7\u00e3o Pol\u00edtica. Voc\u00ea que \u00e9 pr\u00e9-candidato acesse o site www.ulb.org.br e inscreva-se. O curso \u00e9 obrigat\u00f3rio, de acordo com a resolu\u00e7\u00e3o 001\/2016 de 30\/05\/2016, aprovada na reuni\u00e3o do Diret\u00f3rio Nacional, realizada no Rio de Janeiro. \u00a0Veja a mensagem de Ciro&#8230;<!-- AddThis Advanced Settings generic via filter on wp_trim_excerpt --><!-- AddThis Share Buttons generic via filter on wp_trim_excerpt --><\/p>\n","protected":false},"author":17,"featured_media":0,"comment_status":"closed","ping_status":"open","sticky":false,"template":"","format":"standard","meta":{"_monsterinsights_skip_tracking":false,"_monsterinsights_sitenote_active":false,"_monsterinsights_sitenote_note":"","_monsterinsights_sitenote_category":0,"_uf_show_specific_survey":0,"_uf_disable_surveys":false,"footnotes":""},"categories":[976],"tags":[220,408,415,426,38],"class_list":["post-44739","post","type-post","status-publish","format-standard","hentry","category-noticias-em-destaque","tag-ciro-gomes","tag-flb-ap","tag-formacao-politica","tag-fundacao-leonel-brizola-alberto-pasqualini","tag-pdt"],"acf":[],"_links":{"self":[{"href":"https:\/\/pdt-rj.org.br\/index.php\/wp-json\/wp\/v2\/posts\/44739","targetHints":{"allow":["GET"]}}],"collection":[{"href":"https:\/\/pdt-rj.org.br\/index.php\/wp-json\/wp\/v2\/posts"}],"about":[{"href":"https:\/\/pdt-rj.org.br\/index.php\/wp-json\/wp\/v2\/types\/post"}],"author":[{"embeddable":true,"href":"https:\/\/pdt-rj.org.br\/index.php\/wp-json\/wp\/v2\/users\/17"}],"replies":[{"embeddable":true,"href":"https:\/\/pdt-rj.org.br\/index.php\/wp-json\/wp\/v2\/comments?post=44739"}],"version-history":[{"count":1,"href":"https:\/\/pdt-rj.org.br\/index.php\/wp-json\/wp\/v2\/posts\/44739\/revisions"}],"predecessor-version":[{"id":56339,"href":"https:\/\/pdt-rj.org.br\/index.php\/wp-json\/wp\/v2\/posts\/44739\/revisions\/56339"}],"wp:attachment":[{"href":"https:\/\/pdt-rj.org.br\/index.php\/wp-json\/wp\/v2\/media?parent=44739"}],"wp:term":[{"taxonomy":"category","embeddable":true,"href":"https:\/\/pdt-rj.org.br\/index.php\/wp-json\/wp\/v2\/categories?post=44739"},{"taxonomy":"post_tag","embeddable":true,"href":"https:\/\/pdt-rj.org.br\/index.php\/wp-json\/wp\/v2\/tags?post=44739"}],"curies":[{"name":"wp","href":"https:\/\/api.w.org\/{rel}","templated":true}]}}