{"id":44698,"date":"2016-07-15T18:24:12","date_gmt":"2016-07-15T21:24:12","guid":{"rendered":"http:\/\/pdt-rj.org.br\/?p=44698"},"modified":"2017-10-26T09:08:03","modified_gmt":"2017-10-26T11:08:03","slug":"telmario-mota-pede-linha-de-credito-exclusiva-para-comunidades-indigenas","status":"publish","type":"post","link":"https:\/\/pdt-rj.org.br\/index.php\/telmario-mota-pede-linha-de-credito-exclusiva-para-comunidades-indigenas\/","title":{"rendered":"Telm\u00e1rio Mota pede linha de cr\u00e9dito exclusiva para comunidades ind\u00edgenas"},"content":{"rendered":"<p><img loading=\"lazy\" decoding=\"async\" class=\"alignnone size-medium wp-image-44699 alignright\" src=\"http:\/\/pdt-rj.org.br\/wp-content\/uploads\/2016\/07\/Telm\u00e1rio-critica-recondu\u00e7\u00e3o-de-Juc\u00e1-a-cargo-na-Mesa-do-Senado-1-300x199.jpg\" alt=\"Telm\u00e1rio critica recondu\u00e7\u00e3o de Juc\u00e1 a cargo na Mesa do Senado\" width=\"300\" height=\"199\" srcset=\"https:\/\/pdt-rj.org.br\/wp-content\/uploads\/2016\/07\/Telm\u00e1rio-critica-recondu\u00e7\u00e3o-de-Juc\u00e1-a-cargo-na-Mesa-do-Senado-1-300x199.jpg 300w, https:\/\/pdt-rj.org.br\/wp-content\/uploads\/2016\/07\/Telm\u00e1rio-critica-recondu\u00e7\u00e3o-de-Juc\u00e1-a-cargo-na-Mesa-do-Senado-1-100x66.jpg 100w, https:\/\/pdt-rj.org.br\/wp-content\/uploads\/2016\/07\/Telm\u00e1rio-critica-recondu\u00e7\u00e3o-de-Juc\u00e1-a-cargo-na-Mesa-do-Senado-1-768x509.jpg 768w, https:\/\/pdt-rj.org.br\/wp-content\/uploads\/2016\/07\/Telm\u00e1rio-critica-recondu\u00e7\u00e3o-de-Juc\u00e1-a-cargo-na-Mesa-do-Senado-1-136x90.jpg 136w, https:\/\/pdt-rj.org.br\/wp-content\/uploads\/2016\/07\/Telm\u00e1rio-critica-recondu\u00e7\u00e3o-de-Juc\u00e1-a-cargo-na-Mesa-do-Senado-1.jpg 860w\" sizes=\"auto, (max-width: 300px) 100vw, 300px\" \/>O senador Telm\u00e1rio Mota (PDT-RR) solicitou ao governo federal a cria\u00e7\u00e3o de linha de cr\u00e9dito exclusiva para os povos ind\u00edgenas, atrav\u00e9s do Programa Nacional da Agricultura Familiar (Pronaf). Ele reivindicou tamb\u00e9m a cria\u00e7\u00e3o de infraestrutura nas \u00e1reas ind\u00edgenas como saneamento b\u00e1sico, eletrifica\u00e7\u00e3o, redes de comunica\u00e7\u00e3o e estradas.<\/p>\n<p>Por falta desses equipamentos, Telm\u00e1rio Mota alertou que est\u00e1 havendo uma migra\u00e7\u00e3o crescente dos \u00edndios para as \u00e1reas urbanas, em busca de melhores condi\u00e7\u00f5es de vida. Ele afirmou que o n\u00famero de ind\u00edgenas em Boa Vista aumenta a cada ano, apesar de n\u00e3o haver dados oficiais sobre essa migra\u00e7\u00e3o.<\/p>\n<p>Telm\u00e1rio Mota defendeu o acesso dos povos ind\u00edgenas a todos os equipamentos da vida moderna que s\u00e3o oferecidos aos demais brasileiros.<\/p>\n<p>&#8220;O \u00edndio hoje ele n\u00e3o quer mais viver sem <i>wifi<\/i>, sem internet, sem a televis\u00e3o; est\u00e1 integrado globalmente. Nada disso vai tirar sua caracter\u00edstica, seus costumes e seus h\u00e1bitos. Ao contr\u00e1rio, vai mant\u00ea-los, mas, sobretudo, com uma melhor qualidade de vida. N\u00e3o podemos ter dois\u00a0 brasis: um para os ricos e outro para os pobres&#8221;, afirmou o senador.<\/p>\n<!-- AddThis Advanced Settings generic via filter on the_content --><!-- AddThis Share Buttons generic via filter on the_content -->","protected":false},"excerpt":{"rendered":"<p>O senador Telm\u00e1rio Mota (PDT-RR) solicitou ao governo federal a cria\u00e7\u00e3o de linha de cr\u00e9dito exclusiva para os povos ind\u00edgenas, atrav\u00e9s do Programa Nacional da Agricultura Familiar (Pronaf). Ele reivindicou tamb\u00e9m a cria\u00e7\u00e3o de infraestrutura nas \u00e1reas ind\u00edgenas como saneamento b\u00e1sico, eletrifica\u00e7\u00e3o, redes de comunica\u00e7\u00e3o e estradas. Por falta desses equipamentos, Telm\u00e1rio Mota alertou que&#8230;<!-- AddThis Advanced Settings generic via filter on wp_trim_excerpt --><!-- AddThis Share Buttons generic via filter on wp_trim_excerpt --><\/p>\n","protected":false},"author":17,"featured_media":0,"comment_status":"closed","ping_status":"open","sticky":false,"template":"","format":"standard","meta":{"_monsterinsights_skip_tracking":false,"_monsterinsights_sitenote_active":false,"_monsterinsights_sitenote_note":"","_monsterinsights_sitenote_category":0,"_uf_show_specific_survey":0,"_uf_disable_surveys":false,"footnotes":""},"categories":[976],"tags":[38,985,986,987,906],"class_list":["post-44698","post","type-post","status-publish","format-standard","hentry","category-noticias-em-destaque","tag-pdt","tag-povos-indigenas","tag-programa-nacional-da-agricultura-familiar","tag-pronaf","tag-telmario-mota"],"acf":[],"_links":{"self":[{"href":"https:\/\/pdt-rj.org.br\/index.php\/wp-json\/wp\/v2\/posts\/44698","targetHints":{"allow":["GET"]}}],"collection":[{"href":"https:\/\/pdt-rj.org.br\/index.php\/wp-json\/wp\/v2\/posts"}],"about":[{"href":"https:\/\/pdt-rj.org.br\/index.php\/wp-json\/wp\/v2\/types\/post"}],"author":[{"embeddable":true,"href":"https:\/\/pdt-rj.org.br\/index.php\/wp-json\/wp\/v2\/users\/17"}],"replies":[{"embeddable":true,"href":"https:\/\/pdt-rj.org.br\/index.php\/wp-json\/wp\/v2\/comments?post=44698"}],"version-history":[{"count":1,"href":"https:\/\/pdt-rj.org.br\/index.php\/wp-json\/wp\/v2\/posts\/44698\/revisions"}],"predecessor-version":[{"id":56341,"href":"https:\/\/pdt-rj.org.br\/index.php\/wp-json\/wp\/v2\/posts\/44698\/revisions\/56341"}],"wp:attachment":[{"href":"https:\/\/pdt-rj.org.br\/index.php\/wp-json\/wp\/v2\/media?parent=44698"}],"wp:term":[{"taxonomy":"category","embeddable":true,"href":"https:\/\/pdt-rj.org.br\/index.php\/wp-json\/wp\/v2\/categories?post=44698"},{"taxonomy":"post_tag","embeddable":true,"href":"https:\/\/pdt-rj.org.br\/index.php\/wp-json\/wp\/v2\/tags?post=44698"}],"curies":[{"name":"wp","href":"https:\/\/api.w.org\/{rel}","templated":true}]}}