{"id":44541,"date":"2016-07-12T15:05:34","date_gmt":"2016-07-12T18:05:34","guid":{"rendered":"http:\/\/pdt-rj.org.br\/?p=44541"},"modified":"2017-10-26T09:08:05","modified_gmt":"2017-10-26T11:08:05","slug":"projeto-de-afonso-motta-aumenta-o-limite-de-dias-trabalhados-pelo-segurado-especial","status":"publish","type":"post","link":"https:\/\/pdt-rj.org.br\/index.php\/projeto-de-afonso-motta-aumenta-o-limite-de-dias-trabalhados-pelo-segurado-especial\/","title":{"rendered":"Projeto de Afonso Motta aumenta o limite de dias trabalhados pelo segurado especial"},"content":{"rendered":"<p><img loading=\"lazy\" decoding=\"async\" class=\"alignnone size-medium wp-image-44542 alignright\" src=\"http:\/\/pdt-rj.org.br\/wp-content\/uploads\/2016\/07\/Afonso-Motta-300x196.jpg\" alt=\"Afonso-Motta\" width=\"300\" height=\"196\" srcset=\"https:\/\/pdt-rj.org.br\/wp-content\/uploads\/2016\/07\/Afonso-Motta-300x196.jpg 300w, https:\/\/pdt-rj.org.br\/wp-content\/uploads\/2016\/07\/Afonso-Motta-100x65.jpg 100w, https:\/\/pdt-rj.org.br\/wp-content\/uploads\/2016\/07\/Afonso-Motta-138x90.jpg 138w, https:\/\/pdt-rj.org.br\/wp-content\/uploads\/2016\/07\/Afonso-Motta.jpg 729w\" sizes=\"auto, (max-width: 300px) 100vw, 300px\" \/>A C\u00e2mara dos Deputados analisa proposta que altera a regra sobre a manuten\u00e7\u00e3o de agricultor familiar como segurado especial da Previd\u00eancia. Atualmente, \u00e9 considerado segurado especial o membro de grupo familiar que exer\u00e7a atividade remunerada em per\u00edodo de entressafra ou de defeso, n\u00e3o superior a 120 dias (corridos ou intercalados), recolhidas as contribui\u00e7\u00f5es devidas. O projeto amplia esse prazo para 300 dias.<\/p>\n<p>A medida est\u00e1 prevista no Projeto de <strong><a href=\"http:\/\/www.camara.gov.br\/proposicoesWeb\/fichadetramitacao?idProposicao=2079072\">Lei 4673\/16<\/a><\/strong>, do deputado federal Afonso Motta (PDT-RS), e altera a Lei Org\u00e2nica da Seguridade Social (8.212\/91) e a Lei de Benef\u00edcios da Previd\u00eancia Social (8.213\/91), que tratam do assunto. A proposta \u00e9 baseada em outra semelhante, o PL 4433\/12, do ex-deputado Padre Ton, que tramitou na C\u00e2mara na legislatura passada.<\/p>\n<p>\u201cCom a eleva\u00e7\u00e3o no quantitativo de 120 dias para 300 dias, h\u00e1 um ganho para empregadores, trabalhadores e tamb\u00e9m para o munic\u00edpio. Cresce a possibilidade de impostos e consumo, al\u00e9m de incrementar o com\u00e9rcio local\u201d, argumenta o deputado.<\/p>\n<p>O projeto tramita em car\u00e1ter conclusivo e ser\u00e1 analisado pelas comiss\u00f5es de Agricultura, Pecu\u00e1ria, Abastecimento e Desenvolvimento Rural; de Seguridade Social e Fam\u00edlia; de Finan\u00e7as e Tributa\u00e7\u00e3o; e de Constitui\u00e7\u00e3o e Justi\u00e7a e de Cidadania.<\/p>\n<!-- AddThis Advanced Settings generic via filter on the_content --><!-- AddThis Share Buttons generic via filter on the_content -->","protected":false},"excerpt":{"rendered":"<p>A C\u00e2mara dos Deputados analisa proposta que altera a regra sobre a manuten\u00e7\u00e3o de agricultor familiar como segurado especial da Previd\u00eancia. Atualmente, \u00e9 considerado segurado especial o membro de grupo familiar que exer\u00e7a atividade remunerada em per\u00edodo de entressafra ou de defeso, n\u00e3o superior a 120 dias (corridos ou intercalados), recolhidas as contribui\u00e7\u00f5es devidas. O&#8230;<!-- AddThis Advanced Settings generic via filter on wp_trim_excerpt --><!-- AddThis Share Buttons generic via filter on wp_trim_excerpt --><\/p>\n","protected":false},"author":17,"featured_media":0,"comment_status":"closed","ping_status":"open","sticky":false,"template":"","format":"standard","meta":{"_monsterinsights_skip_tracking":false,"_monsterinsights_sitenote_active":false,"_monsterinsights_sitenote_note":"","_monsterinsights_sitenote_category":0,"_uf_show_specific_survey":0,"_uf_disable_surveys":false,"footnotes":""},"categories":[976],"tags":[96,101,38,862],"class_list":["post-44541","post","type-post","status-publish","format-standard","hentry","category-noticias-em-destaque","tag-afonso-motta","tag-agricultor-familiar","tag-pdt","tag-segurado-especial"],"acf":[],"_links":{"self":[{"href":"https:\/\/pdt-rj.org.br\/index.php\/wp-json\/wp\/v2\/posts\/44541","targetHints":{"allow":["GET"]}}],"collection":[{"href":"https:\/\/pdt-rj.org.br\/index.php\/wp-json\/wp\/v2\/posts"}],"about":[{"href":"https:\/\/pdt-rj.org.br\/index.php\/wp-json\/wp\/v2\/types\/post"}],"author":[{"embeddable":true,"href":"https:\/\/pdt-rj.org.br\/index.php\/wp-json\/wp\/v2\/users\/17"}],"replies":[{"embeddable":true,"href":"https:\/\/pdt-rj.org.br\/index.php\/wp-json\/wp\/v2\/comments?post=44541"}],"version-history":[{"count":1,"href":"https:\/\/pdt-rj.org.br\/index.php\/wp-json\/wp\/v2\/posts\/44541\/revisions"}],"predecessor-version":[{"id":56358,"href":"https:\/\/pdt-rj.org.br\/index.php\/wp-json\/wp\/v2\/posts\/44541\/revisions\/56358"}],"wp:attachment":[{"href":"https:\/\/pdt-rj.org.br\/index.php\/wp-json\/wp\/v2\/media?parent=44541"}],"wp:term":[{"taxonomy":"category","embeddable":true,"href":"https:\/\/pdt-rj.org.br\/index.php\/wp-json\/wp\/v2\/categories?post=44541"},{"taxonomy":"post_tag","embeddable":true,"href":"https:\/\/pdt-rj.org.br\/index.php\/wp-json\/wp\/v2\/tags?post=44541"}],"curies":[{"name":"wp","href":"https:\/\/api.w.org\/{rel}","templated":true}]}}