{"id":44535,"date":"2016-07-12T14:27:42","date_gmt":"2016-07-12T17:27:42","guid":{"rendered":"http:\/\/pdt-rj.org.br\/?p=44535"},"modified":"2017-10-26T09:08:05","modified_gmt":"2017-10-26T11:08:05","slug":"wolney-queiroz-impulsiona-infraestrutura-na-zona-rural-de-municipio-pernambucano","status":"publish","type":"post","link":"https:\/\/pdt-rj.org.br\/index.php\/wolney-queiroz-impulsiona-infraestrutura-na-zona-rural-de-municipio-pernambucano\/","title":{"rendered":"Wolney Queiroz impulsiona infraestrutura na zona rural de munic\u00edpio pernambucano"},"content":{"rendered":"<p>Come\u00e7aram hoje (12) as obras para implanta\u00e7\u00e3o do asfalto na zona rural de Caruaru, em Pernambuco. A inciativa, anunciada ontem pelo deputado federal Wolney Queiroz (PDT-PE) e pelo prefeito do munic\u00edpio, Jos\u00e9 Queiroz (PDT-PE), faz parte do programa Estradas do Desenvolvimento, que est\u00e1 asfaltando estradas de terra localizadas zona rural do munic\u00edpio.<\/p>\n<p>A primeira fase do programa levou asfalto para a estrada do Murici. Nessa nova etapa, para a qual foi liberado um total de 2,5 milh\u00f5es em investimentos, as comunidades beneficiadas ser\u00e3o Peladas e Malhada de Pedra. \u201cA verba j\u00e1 foi creditada na conta da prefeitura municipal de Caruaru\u201d, confirma o deputado federal Wolney Queiroz, ao ressaltar que, com as interven\u00e7\u00f5es, a popula\u00e7\u00e3o ter\u00e1 como se locomover de maneira mais f\u00e1cil e segura.<\/p>\n<p>De acordo com o deputado, a divulga\u00e7\u00e3o das informa\u00e7\u00f5es \u2013 at\u00e9 ontem mantidas sob sigilo at\u00e9 a libera\u00e7\u00e3o da verba se concretizasse \u2013, devem ser comemoradas, uma vez que o programa Estradas do Desenvolvimento est\u00e1 transformando a zona rural de Caruaru.<\/p>\n<p>\u201cA obra ser\u00e1 tamb\u00e9m de \u2018engenharia humana\u2019 e n\u00e3o s\u00f3 t\u00e9cnica, j\u00e1 que vamos precisar da colabora\u00e7\u00e3o dos moradores e moradoras que residem no entorno da estrada. Todos precisam contribuir e seguir a orienta\u00e7\u00e3o da equipe respons\u00e1vel pela obra, para que a implanta\u00e7\u00e3o do asfalto seja realizada o mais r\u00e1pido poss\u00edvel\u201d, afirmou Wolney Queiroz.<\/p>\n<!-- AddThis Advanced Settings generic via filter on the_content --><!-- AddThis Share Buttons generic via filter on the_content -->","protected":false},"excerpt":{"rendered":"<p>Come\u00e7aram hoje (12) as obras para implanta\u00e7\u00e3o do asfalto na zona rural de Caruaru, em Pernambuco. A inciativa, anunciada ontem pelo deputado federal Wolney Queiroz (PDT-PE) e pelo prefeito do munic\u00edpio, Jos\u00e9 Queiroz (PDT-PE), faz parte do programa Estradas do Desenvolvimento, que est\u00e1 asfaltando estradas de terra localizadas zona rural do munic\u00edpio. A primeira fase&#8230;<!-- AddThis Advanced Settings generic via filter on wp_trim_excerpt --><!-- AddThis Share Buttons generic via filter on wp_trim_excerpt --><\/p>\n","protected":false},"author":17,"featured_media":0,"comment_status":"closed","ping_status":"open","sticky":false,"template":"","format":"standard","meta":{"_monsterinsights_skip_tracking":false,"_monsterinsights_sitenote_active":false,"_monsterinsights_sitenote_note":"","_monsterinsights_sitenote_category":0,"_uf_show_specific_survey":0,"_uf_disable_surveys":false,"footnotes":""},"categories":[976],"tags":[134,375,494,38,964,969],"class_list":["post-44535","post","type-post","status-publish","format-standard","hentry","category-noticias-em-destaque","tag-asfaltamento","tag-estradas-do-desenvolvimento","tag-infraestrutura","tag-pdt","tag-wolney-queiroz","tag-zona-rural"],"acf":[],"_links":{"self":[{"href":"https:\/\/pdt-rj.org.br\/index.php\/wp-json\/wp\/v2\/posts\/44535","targetHints":{"allow":["GET"]}}],"collection":[{"href":"https:\/\/pdt-rj.org.br\/index.php\/wp-json\/wp\/v2\/posts"}],"about":[{"href":"https:\/\/pdt-rj.org.br\/index.php\/wp-json\/wp\/v2\/types\/post"}],"author":[{"embeddable":true,"href":"https:\/\/pdt-rj.org.br\/index.php\/wp-json\/wp\/v2\/users\/17"}],"replies":[{"embeddable":true,"href":"https:\/\/pdt-rj.org.br\/index.php\/wp-json\/wp\/v2\/comments?post=44535"}],"version-history":[{"count":1,"href":"https:\/\/pdt-rj.org.br\/index.php\/wp-json\/wp\/v2\/posts\/44535\/revisions"}],"predecessor-version":[{"id":56359,"href":"https:\/\/pdt-rj.org.br\/index.php\/wp-json\/wp\/v2\/posts\/44535\/revisions\/56359"}],"wp:attachment":[{"href":"https:\/\/pdt-rj.org.br\/index.php\/wp-json\/wp\/v2\/media?parent=44535"}],"wp:term":[{"taxonomy":"category","embeddable":true,"href":"https:\/\/pdt-rj.org.br\/index.php\/wp-json\/wp\/v2\/categories?post=44535"},{"taxonomy":"post_tag","embeddable":true,"href":"https:\/\/pdt-rj.org.br\/index.php\/wp-json\/wp\/v2\/tags?post=44535"}],"curies":[{"name":"wp","href":"https:\/\/api.w.org\/{rel}","templated":true}]}}