{"id":44473,"date":"2016-07-10T14:32:50","date_gmt":"2016-07-10T17:32:50","guid":{"rendered":"http:\/\/pdt-rj.org.br\/?p=44473"},"modified":"2017-10-26T09:08:05","modified_gmt":"2017-10-26T11:08:05","slug":"webconferencias-para-pre-candidatos-comecam-nesta-terca-feira-1207","status":"publish","type":"post","link":"https:\/\/pdt-rj.org.br\/index.php\/webconferencias-para-pre-candidatos-comecam-nesta-terca-feira-1207\/","title":{"rendered":"Acompanhe ao vivo a abertura das webconfer\u00eancias tem\u00e1ticas da ULB"},"content":{"rendered":"<p><img loading=\"lazy\" decoding=\"async\" class=\"alignnone size-medium wp-image-44479 alignright\" src=\"http:\/\/pdt-rj.org.br\/wp-content\/uploads\/2016\/07\/Webconfer\u00eancias-300x195.jpg\" alt=\"Webconfer\u00eancias\" width=\"300\" height=\"195\" srcset=\"https:\/\/pdt-rj.org.br\/wp-content\/uploads\/2016\/07\/Webconfer\u00eancias-300x195.jpg 300w, https:\/\/pdt-rj.org.br\/wp-content\/uploads\/2016\/07\/Webconfer\u00eancias-100x65.jpg 100w, https:\/\/pdt-rj.org.br\/wp-content\/uploads\/2016\/07\/Webconfer\u00eancias-138x90.jpg 138w, https:\/\/pdt-rj.org.br\/wp-content\/uploads\/2016\/07\/Webconfer\u00eancias.jpg 729w\" sizes=\"auto, (max-width: 300px) 100vw, 300px\" \/>Com a proximidade das elei\u00e7\u00f5es, a Universidade Leonel Brizola (ULB) vai iniciar, a partir do dia 12 de julho, webconfer\u00eancias voltadas para pr\u00e9-candidatos e advogados. A medida tem o objetivo de esclarecer d\u00favidas sobre calend\u00e1rio e legisla\u00e7\u00e3o eleitoral para as elei\u00e7\u00f5es deste ano. O presidente nacional do PDT, Carlos Lupi, e o secret\u00e1rio nacional do PDT\u00a0e presidente da Funda\u00e7\u00e3o Leonel Brizola \u2013 Alberto Pasqualini (FLP-AP), Manoel Dias, participam da abertura das discuss\u00f5es.<\/p>\n<p>As webconfer\u00eancias s\u00e3o desdobramentos do III Encontro Nacional dos Advogados do PDT realizado em abril deste ano, em Bras\u00edlia, assim como o F\u00f3rum Permanente de Discuss\u00e3o de Direito Eleitoral, aberto aos advogados, pr\u00e9-candidatos e demais militantes do PDT interessados no assunto, j\u00e1 dispon\u00edvel no site da ULB (<a href=\"http:\/\/ulb.com.br\/\">ulb.com.br<\/a>).<\/p>\n<p>Para participar das webconfer\u00eancias, basta acessar no canto direito superior da p\u00e1gina e criar uma conta. A chave de acesso ser\u00e1 disponibilizada para cada convidado, via Whatsapp ou e-mail, mediante solicita\u00e7\u00e3o pr\u00e9via pelo telefone 61 99983 5550. O f\u00f3rum \u00e9 .<\/p>\n<p>&#8220;Essa medida \u00e9 importante para sanar todas as d\u00favidas dos nossos pr\u00e9-candidatos em rela\u00e7\u00e3o \u00e0 mat\u00e9ria eleitoral, para as elei\u00e7\u00f5es municipais&#8221;, explica Ades Oliveira, coordenador do f\u00f3rum na ULB.<\/p>\n<p>As webconfer\u00eancias ser\u00e3o estendidas tamb\u00e9m pelos dias 13 e 14 de julho. Maiores informa\u00e7\u00f5es pelo email:\u00a0<a href=\"mailto:secretaria@ulb.com.br\">secretaria@ulb.com.br<\/a><\/p>\n<p><strong>Conferencistas:<\/strong><\/p>\n<p>Dr. Weslei Machado, advogado, professor e analista do TSE.<\/p>\n<p>Dra. Val\u00e9ria Paes Landim,\u00a0doutoranda em Direito Constitucional pela Universidade Kiel (Alemanha) e especialista em Direito Eleitoral pela Universidade Federal do Piau\u00ed (UFPI).\u00a0<\/p>\n<p>Dr. Marlon Reis, ex-juiz, advogado militante, professor e um dos autores da Lei da Ficha Limpa.<\/p>\n<p>Professor J\u00falio Rocha, militante fundador do PDT.<\/p>\n<p><strong>Acompanhe ao vivo pelo\u00a0link abaixo:<\/strong><\/p>\n<div id=\"yui_3_16_0_1_1468331337753_198372\" class=\"body undoreset\" tabindex=\"0\">\n<div id=\"yui_3_16_0_1_1468331337753_198371\" class=\"email-wrapped\">\n<div id=\"yiv0591813485\">\n<div id=\"yui_3_16_0_1_1468331337753_198370\" dir=\"ltr\">\n<div>\u00a0<\/div>\n<div id=\"yui_3_16_0_1_1468331337753_198369\"><strong>https:\/\/www.youtube.com\/watch?v=8iJX1m3OSFo&amp;feature=youtu.be<\/strong><\/div>\n<\/div>\n<\/div>\n<\/div>\n<\/div>\n<!-- AddThis Advanced Settings generic via filter on the_content --><!-- AddThis Share Buttons generic via filter on the_content -->","protected":false},"excerpt":{"rendered":"<p>Com a proximidade das elei\u00e7\u00f5es, a Universidade Leonel Brizola (ULB) vai iniciar, a partir do dia 12 de julho, webconfer\u00eancias voltadas para pr\u00e9-candidatos e advogados. A medida tem o objetivo de esclarecer d\u00favidas sobre calend\u00e1rio e legisla\u00e7\u00e3o eleitoral para as elei\u00e7\u00f5es deste ano. O presidente nacional do PDT, Carlos Lupi, e o secret\u00e1rio nacional do&#8230;<!-- AddThis Advanced Settings generic via filter on wp_trim_excerpt --><!-- AddThis Share Buttons generic via filter on wp_trim_excerpt --><\/p>\n","protected":false},"author":17,"featured_media":0,"comment_status":"closed","ping_status":"open","sticky":false,"template":"","format":"standard","meta":{"_monsterinsights_skip_tracking":false,"_monsterinsights_sitenote_active":false,"_monsterinsights_sitenote_note":"","_monsterinsights_sitenote_category":0,"_uf_show_specific_survey":0,"_uf_disable_surveys":false,"footnotes":""},"categories":[976],"tags":[95,196,408,426,591,38,753,931,942,961],"class_list":["post-44473","post","type-post","status-publish","format-standard","hentry","category-noticias-em-destaque","tag-advogados-do-pdt","tag-carlos-lupi","tag-flb-ap","tag-fundacao-leonel-brizola-alberto-pasqualini","tag-manoel-dias","tag-pdt","tag-pre-candidatos","tag-ulb","tag-universidade-leonel-brizola","tag-webconferencias"],"acf":[],"_links":{"self":[{"href":"https:\/\/pdt-rj.org.br\/index.php\/wp-json\/wp\/v2\/posts\/44473","targetHints":{"allow":["GET"]}}],"collection":[{"href":"https:\/\/pdt-rj.org.br\/index.php\/wp-json\/wp\/v2\/posts"}],"about":[{"href":"https:\/\/pdt-rj.org.br\/index.php\/wp-json\/wp\/v2\/types\/post"}],"author":[{"embeddable":true,"href":"https:\/\/pdt-rj.org.br\/index.php\/wp-json\/wp\/v2\/users\/17"}],"replies":[{"embeddable":true,"href":"https:\/\/pdt-rj.org.br\/index.php\/wp-json\/wp\/v2\/comments?post=44473"}],"version-history":[{"count":1,"href":"https:\/\/pdt-rj.org.br\/index.php\/wp-json\/wp\/v2\/posts\/44473\/revisions"}],"predecessor-version":[{"id":56361,"href":"https:\/\/pdt-rj.org.br\/index.php\/wp-json\/wp\/v2\/posts\/44473\/revisions\/56361"}],"wp:attachment":[{"href":"https:\/\/pdt-rj.org.br\/index.php\/wp-json\/wp\/v2\/media?parent=44473"}],"wp:term":[{"taxonomy":"category","embeddable":true,"href":"https:\/\/pdt-rj.org.br\/index.php\/wp-json\/wp\/v2\/categories?post=44473"},{"taxonomy":"post_tag","embeddable":true,"href":"https:\/\/pdt-rj.org.br\/index.php\/wp-json\/wp\/v2\/tags?post=44473"}],"curies":[{"name":"wp","href":"https:\/\/api.w.org\/{rel}","templated":true}]}}