{"id":44467,"date":"2016-07-08T18:40:17","date_gmt":"2016-07-08T21:40:17","guid":{"rendered":"http:\/\/pdt-rj.org.br\/?p=44467"},"modified":"2017-10-26T09:08:05","modified_gmt":"2017-10-26T11:08:05","slug":"telmario-mota-critica-indicacao-de-general-que-apoiou-a-ditadura-para-a-funai","status":"publish","type":"post","link":"https:\/\/pdt-rj.org.br\/index.php\/telmario-mota-critica-indicacao-de-general-que-apoiou-a-ditadura-para-a-funai\/","title":{"rendered":"Telm\u00e1rio Mota critica indica\u00e7\u00e3o de general que apoiou a ditadura para a Funai"},"content":{"rendered":"<p><img loading=\"lazy\" decoding=\"async\" class=\"alignnone size-medium wp-image-44468 alignleft\" src=\"http:\/\/pdt-rj.org.br\/wp-content\/uploads\/2016\/07\/Seandor-Telm\u00e1rio-Mota-300x195.jpg\" alt=\"Seandor-Telm\u00e1rio-Mota\" width=\"300\" height=\"195\" srcset=\"https:\/\/pdt-rj.org.br\/wp-content\/uploads\/2016\/07\/Seandor-Telm\u00e1rio-Mota-300x195.jpg 300w, https:\/\/pdt-rj.org.br\/wp-content\/uploads\/2016\/07\/Seandor-Telm\u00e1rio-Mota-100x65.jpg 100w, https:\/\/pdt-rj.org.br\/wp-content\/uploads\/2016\/07\/Seandor-Telm\u00e1rio-Mota-138x90.jpg 138w, https:\/\/pdt-rj.org.br\/wp-content\/uploads\/2016\/07\/Seandor-Telm\u00e1rio-Mota.jpg 729w\" sizes=\"auto, (max-width: 300px) 100vw, 300px\" \/>O senador Telm\u00e1rio Mota (PDT-RR) manifestou total indigna\u00e7\u00e3o contra a escolha do general Sebasti\u00e3o Roberto Peternelli J\u00fanior para o cargo de presidente da Funda\u00e7\u00e3o Nacional do \u00cdndio (Funai). Ele disse que a escolha atende a pedido do PSC.<\/p>\n<p>Para o senador, a indica\u00e7\u00e3o do general \u00e9 um acinte, j\u00e1 que o indicado divulgou um manifesto, em mar\u00e7o do ano passado, defendendo a ditadura militar.<\/p>\n<p>&nbsp;<\/p>\n<p>Telm\u00e1rio acrescentou que os povos ind\u00edgenas s\u00e3o esclarecidos e combativos e n\u00e3o v\u00e3o acatar a indica\u00e7\u00e3o do general Peternelli.<\/p>\n<p>&#8220;Caros membros do PSC nesta casa, venho lamentar que o seu partido indique algu\u00e9m sem nenhuma afinidade com a pauta ind\u00edgena para a gest\u00e3o da Funai.\u00a0 Eu pe\u00e7o-lhes, encarecidamente, que desistam dessa ideia. N\u00e3o deixem o seu partido fazer um desservi\u00e7o aos povos ind\u00edgenas, j\u00e1 t\u00e3o massacrados ao longo da nossa hist\u00f3ria&#8221;, disse o senador.<\/p>\n<!-- AddThis Advanced Settings generic via filter on the_content --><!-- AddThis Share Buttons generic via filter on the_content -->","protected":false},"excerpt":{"rendered":"<p>O senador Telm\u00e1rio Mota (PDT-RR) manifestou total indigna\u00e7\u00e3o contra a escolha do general Sebasti\u00e3o Roberto Peternelli J\u00fanior para o cargo de presidente da Funda\u00e7\u00e3o Nacional do \u00cdndio (Funai). Ele disse que a escolha atende a pedido do PSC. Para o senador, a indica\u00e7\u00e3o do general \u00e9 um acinte, j\u00e1 que o indicado divulgou um manifesto,&#8230;<!-- AddThis Advanced Settings generic via filter on wp_trim_excerpt --><!-- AddThis Share Buttons generic via filter on wp_trim_excerpt --><\/p>\n","protected":false},"author":17,"featured_media":0,"comment_status":"closed","ping_status":"open","sticky":false,"template":"","format":"standard","meta":{"_monsterinsights_skip_tracking":false,"_monsterinsights_sitenote_active":false,"_monsterinsights_sitenote_note":"","_monsterinsights_sitenote_category":0,"_uf_show_specific_survey":0,"_uf_disable_surveys":false,"footnotes":""},"categories":[976],"tags":[],"class_list":["post-44467","post","type-post","status-publish","format-standard","hentry","category-noticias-em-destaque"],"acf":[],"_links":{"self":[{"href":"https:\/\/pdt-rj.org.br\/index.php\/wp-json\/wp\/v2\/posts\/44467","targetHints":{"allow":["GET"]}}],"collection":[{"href":"https:\/\/pdt-rj.org.br\/index.php\/wp-json\/wp\/v2\/posts"}],"about":[{"href":"https:\/\/pdt-rj.org.br\/index.php\/wp-json\/wp\/v2\/types\/post"}],"author":[{"embeddable":true,"href":"https:\/\/pdt-rj.org.br\/index.php\/wp-json\/wp\/v2\/users\/17"}],"replies":[{"embeddable":true,"href":"https:\/\/pdt-rj.org.br\/index.php\/wp-json\/wp\/v2\/comments?post=44467"}],"version-history":[{"count":1,"href":"https:\/\/pdt-rj.org.br\/index.php\/wp-json\/wp\/v2\/posts\/44467\/revisions"}],"predecessor-version":[{"id":56362,"href":"https:\/\/pdt-rj.org.br\/index.php\/wp-json\/wp\/v2\/posts\/44467\/revisions\/56362"}],"wp:attachment":[{"href":"https:\/\/pdt-rj.org.br\/index.php\/wp-json\/wp\/v2\/media?parent=44467"}],"wp:term":[{"taxonomy":"category","embeddable":true,"href":"https:\/\/pdt-rj.org.br\/index.php\/wp-json\/wp\/v2\/categories?post=44467"},{"taxonomy":"post_tag","embeddable":true,"href":"https:\/\/pdt-rj.org.br\/index.php\/wp-json\/wp\/v2\/tags?post=44467"}],"curies":[{"name":"wp","href":"https:\/\/api.w.org\/{rel}","templated":true}]}}