{"id":44451,"date":"2016-07-08T15:28:47","date_gmt":"2016-07-08T18:28:47","guid":{"rendered":"http:\/\/pdt-rj.org.br\/?p=44451"},"modified":"2017-10-26T09:08:06","modified_gmt":"2017-10-26T11:08:06","slug":"prefeito-roberto-claudio-realiza-reuniao-com-secretarios-para-discutir-acoes-e-projetos","status":"publish","type":"post","link":"https:\/\/pdt-rj.org.br\/index.php\/prefeito-roberto-claudio-realiza-reuniao-com-secretarios-para-discutir-acoes-e-projetos\/","title":{"rendered":"Prefeito Roberto Cl\u00e1udio realiza reuni\u00e3o com secret\u00e1rios para discutir a\u00e7\u00f5es e projetos"},"content":{"rendered":"<p><img loading=\"lazy\" decoding=\"async\" class=\"size-medium wp-image-44455 alignleft\" src=\"http:\/\/pdt-rj.org.br\/wp-content\/uploads\/2016\/07\/Prefeito-Roberto-Cl\u00e1udio-em-reuni\u00e3o-com-secret\u00e1rios-para-discutir-a\u00e7\u00f5es-e-projetos-300x195.jpg\" alt=\"\u201cE uma oportunidade de buscar, cada vez mais, integra\u00e7\u00e3o no que estamos fazendo, seja territorial, ou tem\u00e1tica. \u201d Prefeito Roberto Cl\u00e1udio\" width=\"300\" height=\"195\" srcset=\"https:\/\/pdt-rj.org.br\/wp-content\/uploads\/2016\/07\/Prefeito-Roberto-Cl\u00e1udio-em-reuni\u00e3o-com-secret\u00e1rios-para-discutir-a\u00e7\u00f5es-e-projetos-300x195.jpg 300w, https:\/\/pdt-rj.org.br\/wp-content\/uploads\/2016\/07\/Prefeito-Roberto-Cl\u00e1udio-em-reuni\u00e3o-com-secret\u00e1rios-para-discutir-a\u00e7\u00f5es-e-projetos-100x65.jpg 100w, https:\/\/pdt-rj.org.br\/wp-content\/uploads\/2016\/07\/Prefeito-Roberto-Cl\u00e1udio-em-reuni\u00e3o-com-secret\u00e1rios-para-discutir-a\u00e7\u00f5es-e-projetos-138x90.jpg 138w, https:\/\/pdt-rj.org.br\/wp-content\/uploads\/2016\/07\/Prefeito-Roberto-Cl\u00e1udio-em-reuni\u00e3o-com-secret\u00e1rios-para-discutir-a\u00e7\u00f5es-e-projetos.jpg 729w\" sizes=\"auto, (max-width: 300px) 100vw, 300px\" \/><\/p>\n<p>O prefeito de Fortaleza, Roberto Cl\u00e1udio (PDT-CE), reuniu-se na ter\u00e7a-feira (05) e na quarta-feira (06) com todos os secret\u00e1rios municipais para fazer um balan\u00e7o das a\u00e7\u00f5es que j\u00e1 foram realizadas pela Prefeitura nos \u00faltimos tr\u00eas anos e meio e discutir novas a\u00e7\u00f5es e projetos que ser\u00e3o entregues at\u00e9 o fim do ano. Sa\u00fade, educa\u00e7\u00e3o, juventude e habita\u00e7\u00e3o est\u00e3o entre os principais pontos tratados no encontro.\u00a0<\/p>\n<p>De acordo com Roberto Cl\u00e1udio, o objetivo da reuni\u00e3o foi permitir que cada secret\u00e1rio apresentasse uma s\u00edntese de indicadores, a\u00e7\u00f5es e resultados.\u00a0\u201cE uma oportunidade de buscar, cada vez mais, integra\u00e7\u00e3o no que estamos fazendo, seja territorial, ou tem\u00e1tica\u201d, afirmou o Prefeito.<\/p>\n<p><strong>Sa\u00fade<\/strong><\/p>\n<p>Em rela\u00e7\u00e3o \u00e0 \u00e1rea da sa\u00fade, foram apresentados indicadores como a redu\u00e7\u00e3o em 52% da mortalidade materna; aumento na quantidade de exames de 110 mil, em 2012, para 315 mil em 2015, aumento de 73% no n\u00famero de consultas m\u00e9dicas, entre 2012 e 2015, e de 33% nas consultas de enfermagem no mesmo per\u00edodo. Tamb\u00e9m teve destaque a amplia\u00e7\u00e3o de atendimentos do Servi\u00e7o de Atendimento M\u00f3vel de Urg\u00eancia \u00a0(SAMU) de 32 mil\/ano, em 2012, para 50 mil\/ano, em 2015, al\u00e9m do aumento da frota de 12 para 28 ambul\u00e2ncias.<\/p>\n<p>Tamb\u00e9m houve avan\u00e7os na aten\u00e7\u00e3o prim\u00e1ria, o aumento de 30,6% para 60,3% na cobertura do Programa Sa\u00fade da Fam\u00edlia (PSF), amplia\u00e7\u00e3o em 32% do n\u00famero de consult\u00f3rios odontol\u00f3gicos nos postos de sa\u00fade, assim como a melhoria na infraestrutura, com 70 postos reformados e ampliados, 16 totalmente novos e outros tr\u00eas em obras. Sem contar as cinco Unidades de Pronto Atendimento (UPA\u00b4s) que est\u00e3o funcionando e uma sexta, no Dend\u00ea, que j\u00e1 iniciou a constru\u00e7\u00e3o; e a policl\u00ednica do Jangurussu, que ser\u00e1 inaugurada ainda no m\u00eas de julho.<\/p>\n<p><strong><img loading=\"lazy\" decoding=\"async\" class=\"alignnone size-medium wp-image-44454 alignright\" src=\"http:\/\/pdt-rj.org.br\/wp-content\/uploads\/2016\/07\/Reuni\u00e3o-com-secret\u00e1rios-municipais-de-Fortaleza-para-discutir-a\u00e7\u00f5es-e-projetos-300x195.jpg\" alt=\"Reuni\u00e3o-com-secret\u00e1rios-municipais-de-Fortaleza-para-discutir-a\u00e7\u00f5es-e-projetos\" width=\"300\" height=\"195\" srcset=\"https:\/\/pdt-rj.org.br\/wp-content\/uploads\/2016\/07\/Reuni\u00e3o-com-secret\u00e1rios-municipais-de-Fortaleza-para-discutir-a\u00e7\u00f5es-e-projetos-300x195.jpg 300w, https:\/\/pdt-rj.org.br\/wp-content\/uploads\/2016\/07\/Reuni\u00e3o-com-secret\u00e1rios-municipais-de-Fortaleza-para-discutir-a\u00e7\u00f5es-e-projetos-100x65.jpg 100w, https:\/\/pdt-rj.org.br\/wp-content\/uploads\/2016\/07\/Reuni\u00e3o-com-secret\u00e1rios-municipais-de-Fortaleza-para-discutir-a\u00e7\u00f5es-e-projetos-138x90.jpg 138w, https:\/\/pdt-rj.org.br\/wp-content\/uploads\/2016\/07\/Reuni\u00e3o-com-secret\u00e1rios-municipais-de-Fortaleza-para-discutir-a\u00e7\u00f5es-e-projetos.jpg 729w\" sizes=\"auto, (max-width: 300px) 100vw, 300px\" \/>Educa\u00e7\u00e3o<\/strong><\/p>\n<p>Na educa\u00e7\u00e3o, 418 escolas passaram por melhorias estruturais e outras 70 est\u00e3o em andamento. Foram inauguradas 17 Escolas de Tempo Integral e, o mais relevante, a Prefeitura conseguiu reverter a queda no n\u00famero de matr\u00edculas a partir de 2013 e j\u00e1 contabiliza um aumento de mais de 15 mil matr\u00edculas, assim como uma amplia\u00e7\u00e3o de 630% entre as escolas com n\u00edvel desej\u00e1vel de alfabetiza\u00e7\u00e3o, segundo avalia\u00e7\u00e3o do Spaece\/Alfa. No ano de 2012, eram apenas 20 escolas com n\u00edvel desej\u00e1vel, em 2015 j\u00e1 foram 146 escolas.<\/p>\n<p><strong>Juventude<\/strong><\/p>\n<p>Os n\u00fameros tamb\u00e9m apontam que Fortaleza \u00e9 hoje a capital brasileira com o maior investimento em pol\u00edticas p\u00fablicas para a juventude. Apenas a Rede Cuca, em 2015, realizou mais de 300 mil atendimentos nos Cucas Barra, Mondubim e Jangurussu. O programa Academia Enem, que oferece prepara\u00e7\u00e3o gratuita para a prova do Enem, beneficiou mais de 30 mil jovens nos \u00faltimos tr\u00eas anos. H\u00e1 ainda programas como o Projovem Urbano, Integra\u00e7\u00e3o, Juventude na Onda e Protagonismo Juvenil.<\/p>\n<p><strong>Habita\u00e7\u00e3o<\/strong><\/p>\n<p>Na habita\u00e7\u00e3o, ser\u00e3o mais de 22 mil unidades do programa \u201cMinha Casa, Minha Vida\u201d at\u00e9 o final de 2016, sendo que 7.442 delas j\u00e1 foram entregues at\u00e9 o m\u00eas de junho deste ano. O presidente da Habitafor, Gilvan Paiva, destacou a realiza\u00e7\u00e3o do primeiro sorteio in\u00e9dito para 3.304 casas, sendo que 1.920 unidades j\u00e1 est\u00e3o sendo entregues aos novos moradores no pr\u00f3ximo dia 8 de julho e o restante at\u00e9 o final do m\u00eas. Um segundo sorteio, para 4.460 unidades foi realizado no \u00faltimo dia 27 de junho.<\/p>\n<!-- AddThis Advanced Settings generic via filter on the_content --><!-- AddThis Share Buttons generic via filter on the_content -->","protected":false},"excerpt":{"rendered":"<p>O prefeito de Fortaleza, Roberto Cl\u00e1udio (PDT-CE), reuniu-se na ter\u00e7a-feira (05) e na quarta-feira (06) com todos os secret\u00e1rios municipais para fazer um balan\u00e7o das a\u00e7\u00f5es que j\u00e1 foram realizadas pela Prefeitura nos \u00faltimos tr\u00eas anos e meio e discutir novas a\u00e7\u00f5es e projetos que ser\u00e3o entregues at\u00e9 o fim do ano. Sa\u00fade, educa\u00e7\u00e3o, juventude&#8230;<!-- AddThis Advanced Settings generic via filter on wp_trim_excerpt --><!-- AddThis Share Buttons generic via filter on wp_trim_excerpt --><\/p>\n","protected":false},"author":17,"featured_media":0,"comment_status":"closed","ping_status":"open","sticky":false,"template":"","format":"standard","meta":{"_monsterinsights_skip_tracking":false,"_monsterinsights_sitenote_active":false,"_monsterinsights_sitenote_note":"","_monsterinsights_sitenote_category":0,"_uf_show_specific_survey":0,"_uf_disable_surveys":false,"footnotes":""},"categories":[976],"tags":[86,152,338,456,489,497,537,538,38,780,783,792,807,836,857,937,943],"class_list":["post-44451","post","type-post","status-publish","format-standard","hentry","category-noticias-em-destaque","tag-academia-enem","tag-balanco","tag-educacao","tag-habitacao","tag-indicadores","tag-integracao","tag-juventude","tag-juventude-na-onda-e-protagonismo-juvenil","tag-pdt","tag-programa-saude-da-familia","tag-projovem-urbano","tag-psf","tag-rede-cuca","tag-roberto-claudio","tag-saude","tag-unidade-de-pronto-atendimento","tag-upa"],"acf":[],"_links":{"self":[{"href":"https:\/\/pdt-rj.org.br\/index.php\/wp-json\/wp\/v2\/posts\/44451","targetHints":{"allow":["GET"]}}],"collection":[{"href":"https:\/\/pdt-rj.org.br\/index.php\/wp-json\/wp\/v2\/posts"}],"about":[{"href":"https:\/\/pdt-rj.org.br\/index.php\/wp-json\/wp\/v2\/types\/post"}],"author":[{"embeddable":true,"href":"https:\/\/pdt-rj.org.br\/index.php\/wp-json\/wp\/v2\/users\/17"}],"replies":[{"embeddable":true,"href":"https:\/\/pdt-rj.org.br\/index.php\/wp-json\/wp\/v2\/comments?post=44451"}],"version-history":[{"count":1,"href":"https:\/\/pdt-rj.org.br\/index.php\/wp-json\/wp\/v2\/posts\/44451\/revisions"}],"predecessor-version":[{"id":56364,"href":"https:\/\/pdt-rj.org.br\/index.php\/wp-json\/wp\/v2\/posts\/44451\/revisions\/56364"}],"wp:attachment":[{"href":"https:\/\/pdt-rj.org.br\/index.php\/wp-json\/wp\/v2\/media?parent=44451"}],"wp:term":[{"taxonomy":"category","embeddable":true,"href":"https:\/\/pdt-rj.org.br\/index.php\/wp-json\/wp\/v2\/categories?post=44451"},{"taxonomy":"post_tag","embeddable":true,"href":"https:\/\/pdt-rj.org.br\/index.php\/wp-json\/wp\/v2\/tags?post=44451"}],"curies":[{"name":"wp","href":"https:\/\/api.w.org\/{rel}","templated":true}]}}