{"id":44437,"date":"2016-07-08T11:50:01","date_gmt":"2016-07-08T14:50:01","guid":{"rendered":"http:\/\/pdt-rj.org.br\/?p=44437"},"modified":"2017-10-26T09:08:06","modified_gmt":"2017-10-26T11:08:06","slug":"congresso-retira-exclusividade-da-petrobras-no-pre-sal-pdt-e-contra","status":"publish","type":"post","link":"https:\/\/pdt-rj.org.br\/index.php\/congresso-retira-exclusividade-da-petrobras-no-pre-sal-pdt-e-contra\/","title":{"rendered":"Congresso retira exclusividade da Petrobras no Pr\u00e9-Sal. PDT \u00e9 contra."},"content":{"rendered":"<p><img loading=\"lazy\" decoding=\"async\" class=\"alignnone size-medium wp-image-44442 alignleft\" src=\"http:\/\/pdt-rj.org.br\/wp-content\/uploads\/2016\/07\/Deputado-Afonso-Motta-300x195.jpg\" alt=\"Deputado-Afonso-Motta\" width=\"300\" height=\"195\" srcset=\"https:\/\/pdt-rj.org.br\/wp-content\/uploads\/2016\/07\/Deputado-Afonso-Motta-300x195.jpg 300w, https:\/\/pdt-rj.org.br\/wp-content\/uploads\/2016\/07\/Deputado-Afonso-Motta-100x65.jpg 100w, https:\/\/pdt-rj.org.br\/wp-content\/uploads\/2016\/07\/Deputado-Afonso-Motta-138x90.jpg 138w, https:\/\/pdt-rj.org.br\/wp-content\/uploads\/2016\/07\/Deputado-Afonso-Motta.jpg 729w\" sizes=\"auto, (max-width: 300px) 100vw, 300px\" \/>A Comiss\u00e3o Especial da Petrobras e Explora\u00e7\u00e3o do Pr\u00e9-Sal aprovou, na \u00faltima quinta-feira (7), por 22 votos favor\u00e1veis e 5 contr\u00e1rios, o texto-base do Projeto de Lei 4567\/16, que retira a obrigatoriedade da Petrobras de atuar com exclusividade nos blocos contratados pelo regime de partilha de produ\u00e7\u00e3o em \u00e1reas do pr\u00e9-sal. O PDT votou contra a medida na Comiss\u00e3o.<\/p>\n<p>\u00a0O Projeto de Lei, de autoria do senador Jos\u00e9 Serra, \u00e9 a principal manobra apontada por especialistas para retirar da Petrobras o controle de explora\u00e7\u00e3o do Pr\u00e9-Sal brasileiro, permitindo, com isso, que empresas estrangeiras atuem na explora\u00e7\u00e3o do \u00f3leo e retire receitas do pa\u00eds.<\/p>\n<p>\u00a0O deputado Afonso Motta (PDT-RS), sustenta que a aprova\u00e7\u00e3o do texto permitir\u00e1 a entrada de capital estrangeiro na explora\u00e7\u00e3o do pr\u00e9-sal em um momento de desvaloriza\u00e7\u00e3o dos barris do petr\u00f3leo.<\/p>\n<p>Para o pedetista, o fim da obrigatoriedade representaria uma perda para o Pa\u00eds em rela\u00e7\u00e3o ao petr\u00f3leo extra\u00eddo. Atualmente, segundo o parlamentar, a extra\u00e7\u00e3o exclusiva pela Petrobr\u00e1s do petr\u00f3leo no pr\u00e9-sal permite uma fiscaliza\u00e7\u00e3o estrat\u00e9gica para a economia nacional. Al\u00e9m disso, o parlamentar afirmou que, a longo prazo, o fim do monop\u00f3lio da estatal sobre o pr\u00e9-sal pode ser prejudicial para o desenvolvimento econ\u00f4mico brasileiro.<\/p>\n<p>Hoje, a Lei 12.351\/10, que institui o regime de partilha, obriga que a estatal tenha uma participa\u00e7\u00e3o m\u00ednima de 30% em todos os cons\u00f3rcios para explora\u00e7\u00e3o das reservas de pr\u00e9-sal. O novo texto, al\u00e9m de acabar com a exclusividade, desobriga a estatal dessa participa\u00e7\u00e3o m\u00ednima, que s\u00f3 ser\u00e1 exigida nas \u00e1reas estrat\u00e9gicas escolhidas pela Petrobras. O que n\u00e3o for considerado estrat\u00e9gico ser\u00e1 leiloado.<\/p>\n<p>\u201cDireta ou indiretamente, o Brasil est\u00e1 abrindo m\u00e3o de um recurso fundamental e estrat\u00e9gico para a educa\u00e7\u00e3o, sa\u00fade e o futuro do pa\u00eds. N\u00e3o ser\u00e1 com essa decis\u00e3o que vamos garantir a estrat\u00e9gia nacional, que vamos garantir o desenvolvimento, n\u00e3o ser\u00e1 com essa decis\u00e3o que o Brasil vai superar a dif\u00edcil crise financeira em que se encontra\u201d, declarou o deputado ao votar contra o parecer.<\/p>\n<p>Foram rejeitados os destaques e a mat\u00e9ria segue agora para an\u00e1lise do Plen\u00e1rio da C\u00e2mara.<\/p>\n<!-- AddThis Advanced Settings generic via filter on the_content --><!-- AddThis Share Buttons generic via filter on the_content -->","protected":false},"excerpt":{"rendered":"<p>A Comiss\u00e3o Especial da Petrobras e Explora\u00e7\u00e3o do Pr\u00e9-Sal aprovou, na \u00faltima quinta-feira (7), por 22 votos favor\u00e1veis e 5 contr\u00e1rios, o texto-base do Projeto de Lei 4567\/16, que retira a obrigatoriedade da Petrobras de atuar com exclusividade nos blocos contratados pelo regime de partilha de produ\u00e7\u00e3o em \u00e1reas do pr\u00e9-sal. O PDT votou contra&#8230;<!-- AddThis Advanced Settings generic via filter on wp_trim_excerpt --><!-- AddThis Share Buttons generic via filter on wp_trim_excerpt --><\/p>\n","protected":false},"author":17,"featured_media":0,"comment_status":"closed","ping_status":"open","sticky":false,"template":"","format":"standard","meta":{"_monsterinsights_skip_tracking":false,"_monsterinsights_sitenote_active":false,"_monsterinsights_sitenote_note":"","_monsterinsights_sitenote_category":0,"_uf_show_specific_survey":0,"_uf_disable_surveys":false,"footnotes":""},"categories":[976],"tags":[96,248,634,38,718,756,823],"class_list":["post-44437","post","type-post","status-publish","format-standard","hentry","category-noticias-em-destaque","tag-afonso-motta","tag-consorcios-para-exploracao","tag-monopolio","tag-pdt","tag-petrobras","tag-pre-sal","tag-reservas-de-pre-sal"],"acf":[],"_links":{"self":[{"href":"https:\/\/pdt-rj.org.br\/index.php\/wp-json\/wp\/v2\/posts\/44437","targetHints":{"allow":["GET"]}}],"collection":[{"href":"https:\/\/pdt-rj.org.br\/index.php\/wp-json\/wp\/v2\/posts"}],"about":[{"href":"https:\/\/pdt-rj.org.br\/index.php\/wp-json\/wp\/v2\/types\/post"}],"author":[{"embeddable":true,"href":"https:\/\/pdt-rj.org.br\/index.php\/wp-json\/wp\/v2\/users\/17"}],"replies":[{"embeddable":true,"href":"https:\/\/pdt-rj.org.br\/index.php\/wp-json\/wp\/v2\/comments?post=44437"}],"version-history":[{"count":1,"href":"https:\/\/pdt-rj.org.br\/index.php\/wp-json\/wp\/v2\/posts\/44437\/revisions"}],"predecessor-version":[{"id":56365,"href":"https:\/\/pdt-rj.org.br\/index.php\/wp-json\/wp\/v2\/posts\/44437\/revisions\/56365"}],"wp:attachment":[{"href":"https:\/\/pdt-rj.org.br\/index.php\/wp-json\/wp\/v2\/media?parent=44437"}],"wp:term":[{"taxonomy":"category","embeddable":true,"href":"https:\/\/pdt-rj.org.br\/index.php\/wp-json\/wp\/v2\/categories?post=44437"},{"taxonomy":"post_tag","embeddable":true,"href":"https:\/\/pdt-rj.org.br\/index.php\/wp-json\/wp\/v2\/tags?post=44437"}],"curies":[{"name":"wp","href":"https:\/\/api.w.org\/{rel}","templated":true}]}}