{"id":44434,"date":"2016-07-08T11:24:53","date_gmt":"2016-07-08T14:24:53","guid":{"rendered":"http:\/\/pdt-rj.org.br\/?p=44434"},"modified":"2017-10-26T09:08:06","modified_gmt":"2017-10-26T11:08:06","slug":"comissao-de-educacao-aprova-um-projeto-e-dois-requerimentos-de-telmario-mota","status":"publish","type":"post","link":"https:\/\/pdt-rj.org.br\/index.php\/comissao-de-educacao-aprova-um-projeto-e-dois-requerimentos-de-telmario-mota\/","title":{"rendered":"Comiss\u00e3o de Educa\u00e7\u00e3o aprova um projeto e dois requerimentos de Telm\u00e1rio Mota"},"content":{"rendered":"<p><img loading=\"lazy\" decoding=\"async\" class=\"alignnone size-medium wp-image-43765 alignleft\" src=\"http:\/\/pdt-rj.org.br\/wp-content\/uploads\/2016\/06\/imagem_materia-300x195.jpg\" alt=\"imagem_materia\" width=\"300\" height=\"195\" \/>Na \u00faltima ter\u00e7a-feira (5), a Comiss\u00e3o de Educa\u00e7\u00e3o, Cultura e Esporte (CE) do Senado aprovou um Projeto de Lei e dois requerimentos de audi\u00eancias p\u00fablicas de autoria do senador Telm\u00e1rio Mota (PDT-RR).\u00a0 O PLS 548\/2015 trata do atendimento educacional especializado em classes hospitalares ou mediante atendimento pedag\u00f3gico domiciliar.<\/p>\n<p>O texto da proposta, que segue agora para a Comiss\u00e3o de Assuntos Sociais, determina que os sistemas de ensino, mediante a\u00e7\u00e3o integrada com o sistema de sa\u00fade, dever\u00e3o oferecer atendimento educacional especializado a alunos impossibilitados de frequentar as aulas em raz\u00e3o de tratamento de sa\u00fade que implique interna\u00e7\u00e3o hospitalar, atendimento ambulatorial ou uma perman\u00eancia prolongada em domic\u00edlio.<\/p>\n<p>Tal pol\u00edtica dever\u00e1 ser assegurada por meio de classes hospitalares ou por meio de atendimento pedag\u00f3gico domiciliar, inclusive para crian\u00e7as, jovens e adultos n\u00e3o matriculados no sistema educacional local, facilitando seu posterior acesso \u00e0 escola regular.<\/p>\n<p>Os professores dessas classes ou do atendimento domiciliar, como os demais docentes da educa\u00e7\u00e3o b\u00e1sica, dever\u00e3o ter n\u00edvel superior em curso de licenciatura de gradua\u00e7\u00e3o plena, em universidades e institutos superiores de educa\u00e7\u00e3o, admitida como forma\u00e7\u00e3o m\u00ednima para o exerc\u00edcio do magist\u00e9rio na educa\u00e7\u00e3o infantil e nas quatro primeiras s\u00e9ries do ensino fundamental, a oferecida em n\u00edvel m\u00e9dio na modalidade Normal.<\/p>\n<p>Ainda pela proposta, caber\u00e1 ao Conselho Nacional de Educa\u00e7\u00e3o deliberar sobre as diretrizes operacionais e curriculares visando este atendimento educacional especializado.<\/p>\n<p><strong>Direitos humanos<\/strong><\/p>\n<p>Quanto \u00e0s audi\u00eancias p\u00fablicas, a primeira tem o objetivo de instruir o PLS 401\/2015, que cria a Semana dos Direitos Humanos em todas as escolas do pa\u00eds. \u00a0Nascido do projeto Jovem Senador, o referido projeto cria a Semana dos Direitos Humanos em todas as escolas do pa\u00eds. Pelo requerimento, dever\u00e1 participar desta audi\u00eancia, entre outros, um representante indicado pela Secretaria de Direitos Humanos da Presid\u00eancia da Rep\u00fablica.<\/p>\n<p>A segunda audi\u00eancia aprovada pela CE pretende debater o motivo da demora dos munic\u00edpios em prestar informa\u00e7\u00f5es sobre investimentos na \u00e1rea da educa\u00e7\u00e3o. O senador lembrou, durante a reuni\u00e3o, que, no final de abril, faltando apenas uma semana para o encerramento do prazo, 72% dos munic\u00edpios ainda n\u00e3o tinham enviado estes dados ao Sistema de Informa\u00e7\u00f5es sobre Or\u00e7amentos P\u00fablicos em Educa\u00e7\u00e3o (Siope).<\/p>\n<p>\u201cCom isso, ficam pass\u00edveis de serem consideradas inadimplentes no Servi\u00e7o Auxiliar de Informa\u00e7\u00f5es para Transfer\u00eancias Volunt\u00e1rias (Cauc), e ent\u00e3o n\u00e3o receber esses recursos ou ficarem proibidas de firmarem conv\u00eanios com diversos \u00f3rg\u00e3os do governo\u201d, alertou o senador.<\/p>\n<!-- AddThis Advanced Settings generic via filter on the_content --><!-- AddThis Share Buttons generic via filter on the_content -->","protected":false},"excerpt":{"rendered":"<p>Na \u00faltima ter\u00e7a-feira (5), a Comiss\u00e3o de Educa\u00e7\u00e3o, Cultura e Esporte (CE) do Senado aprovou um Projeto de Lei e dois requerimentos de audi\u00eancias p\u00fablicas de autoria do senador Telm\u00e1rio Mota (PDT-RR).\u00a0 O PLS 548\/2015 trata do atendimento educacional especializado em classes hospitalares ou mediante atendimento pedag\u00f3gico domiciliar. O texto da proposta, que segue agora&#8230;<!-- AddThis Advanced Settings generic via filter on wp_trim_excerpt --><!-- AddThis Share Buttons generic via filter on wp_trim_excerpt --><\/p>\n","protected":false},"author":17,"featured_media":0,"comment_status":"closed","ping_status":"open","sticky":false,"template":"","format":"standard","meta":{"_monsterinsights_skip_tracking":false,"_monsterinsights_sitenote_active":false,"_monsterinsights_sitenote_note":"","_monsterinsights_sitenote_category":0,"_uf_show_specific_survey":0,"_uf_disable_surveys":false,"footnotes":""},"categories":[976],"tags":[145,54,338,38,906],"class_list":["post-44434","post","type-post","status-publish","format-standard","hentry","category-noticias-em-destaque","tag-atendimento-educacional-especializado","tag-direitos-humanos","tag-educacao","tag-pdt","tag-telmario-mota"],"acf":[],"_links":{"self":[{"href":"https:\/\/pdt-rj.org.br\/index.php\/wp-json\/wp\/v2\/posts\/44434","targetHints":{"allow":["GET"]}}],"collection":[{"href":"https:\/\/pdt-rj.org.br\/index.php\/wp-json\/wp\/v2\/posts"}],"about":[{"href":"https:\/\/pdt-rj.org.br\/index.php\/wp-json\/wp\/v2\/types\/post"}],"author":[{"embeddable":true,"href":"https:\/\/pdt-rj.org.br\/index.php\/wp-json\/wp\/v2\/users\/17"}],"replies":[{"embeddable":true,"href":"https:\/\/pdt-rj.org.br\/index.php\/wp-json\/wp\/v2\/comments?post=44434"}],"version-history":[{"count":1,"href":"https:\/\/pdt-rj.org.br\/index.php\/wp-json\/wp\/v2\/posts\/44434\/revisions"}],"predecessor-version":[{"id":56366,"href":"https:\/\/pdt-rj.org.br\/index.php\/wp-json\/wp\/v2\/posts\/44434\/revisions\/56366"}],"wp:attachment":[{"href":"https:\/\/pdt-rj.org.br\/index.php\/wp-json\/wp\/v2\/media?parent=44434"}],"wp:term":[{"taxonomy":"category","embeddable":true,"href":"https:\/\/pdt-rj.org.br\/index.php\/wp-json\/wp\/v2\/categories?post=44434"},{"taxonomy":"post_tag","embeddable":true,"href":"https:\/\/pdt-rj.org.br\/index.php\/wp-json\/wp\/v2\/tags?post=44434"}],"curies":[{"name":"wp","href":"https:\/\/api.w.org\/{rel}","templated":true}]}}